{"id":15058,"date":"2020-10-05T03:08:00","date_gmt":"2020-10-05T03:08:00","guid":{"rendered":"https:\/\/www.radiopresidenteibanez.cl\/web\/?p=15058"},"modified":"2020-10-04T19:11:23","modified_gmt":"2020-10-04T19:11:23","slug":"alcalde-radonich-solicito-ampliar-plazo-y-flexibilizar-requisitos-para-bono-al-transporte-menor-en-punta-arenas","status":"publish","type":"post","link":"https:\/\/www.radiopresidenteibanez.cl\/web\/alcalde-radonich-solicito-ampliar-plazo-y-flexibilizar-requisitos-para-bono-al-transporte-menor-en-punta-arenas\/","title":{"rendered":"ALCALDE RADONICH SOLICIT\u00d3 AMPLIAR PLAZO Y FLEXIBILIZAR REQUISITOS PARA BONO AL TRANSPORTE MENOR EN PUNTA ARENAS"},"content":{"rendered":"\n<p>Hace un par de semanas la Ministra de Transportes y Telecomunicaciones, Gloria Hutt, anunci\u00f3 un Bono de Apoyo de $350 mil pesos para los propietarios de transporte remunerado de pasajeros, tales como taxis, colectivos, buses, minibuses urbanos y rurales, y furgones escolares, quienes podr\u00e1n optar al beneficio ingresando al sitio web dispuesto para ello&nbsp;<a href=\"http:\/\/www.subtrans.gob.cl\/bono-covid-transportes\/\" target=\"_blank\" rel=\"noreferrer noopener\">http:\/\/www.subtrans.gob.cl\/bono-covid-transportes\/<\/a><\/p>\n\n\n\n<p>Si bien la medida fue aplaudida y valorada por el alcalde de Punta Arenas, Claudio Radonich, explic\u00f3 que la comuna vive una situaci\u00f3n especialmente preocupante, dado el constante aumento de casos positivos de Covid-19, lo cual ha obligado a permanecer en cuarentena total, dificultando el acceso a los servicios p\u00fablicos en general, impidiendo actualizar los diversos certificados y permisos correspondientes, raz\u00f3n por la cual solicit\u00f3 extender los plazos y flexibilizar los requisitos de manera excepcional.<\/p>\n\n\n\n<p>\u201cHemos enviado un oficio a la Ministra de Transporte, Gloria Hutt, para que se considere flexibilizar los requisitos para optar al beneficio, en el contexto de la pandemia, y as\u00ed incorporar a m\u00e1s vecinos que trabajan y viven del transporte p\u00fablico menor\u201d, argument\u00f3 Radonich.<\/p>\n\n\n\n<p>A esto \u00faltimo, el jefe comunal agreg\u00f3 que \u201choy es el momento de poder colaborar con mayor fuerza y ayudar a quienes lo han pasado mucho peor con esta pandemia, que no es s\u00f3lo sanitaria sino que tambi\u00e9n social y econ\u00f3mica\u201d.<\/p>\n\n\n\n<p>En el oficio, el alcalde Radonich expresa: \u201cme permito solicitarle, tener a bien analizar la situaci\u00f3n y considerar, por ejemplo, la ampliaci\u00f3n de plazos de postulaci\u00f3n, exigir inscripci\u00f3n de transportista de pasajeros con vigencia al 31 de diciembre del 2019, u otras medidas que tengan como norte, facilitar el acceso, de modo que en las actuales circunstancias se alcance el mayor n\u00famero posible de beneficiados\u201d.<\/p>\n\n\n\n<p>Para postular al bono de apoyo de $350 mil pesos o al pr\u00e9stamo tambi\u00e9n anunciado por el Gobierno, los transportistas deber\u00e1n acceder a la plataforma con su RUN y clave \u00fanica. Una vez en el sitio, tendr\u00e1n que especificar el tipo de relaci\u00f3n que tienen con la propiedad del o los veh\u00edculos, vale decir, si son propietarios directos o representantes legales. En el \u00faltimo caso, deber\u00e1n ingresar el RUT de la empresa representada y adjuntar los documentos que acrediten dicha condici\u00f3n.<\/p>\n\n\n\n<p>Finalmente, la primera autoridad comunal, dijo que \u201csin duda, es una muy buena noticia para los transportistas menores que lo han pasado mal estos \u00faltimos meses, y esperamos tener una respuesta favorable por parte de la Ministra Hutt\u201d.<\/p>\n","protected":false},"excerpt":{"rendered":"<p>Hace un par de semanas la Ministra de Transportes y Telecomunicaciones, Gloria Hutt, anunci\u00f3 un Bono de Apoyo de $350 mil pesos para los propietarios de transporte remunerado de pasajeros,&#8230; <a class=\"read-more\" href=\"https:\/\/www.radiopresidenteibanez.cl\/web\/alcalde-radonich-solicito-ampliar-plazo-y-flexibilizar-requisitos-para-bono-al-transporte-menor-en-punta-arenas\/\">Leer m\u00e1s<\/a><\/p>\n","protected":false},"author":2,"featured_media":15059,"comment_status":"closed","ping_status":"closed","sticky":false,"template":"","format":"standard","meta":{"footnotes":""},"categories":[1],"tags":[],"class_list":["post-15058","post","type-post","status-publish","format-standard","has-post-thumbnail","hentry","category-cronica"],"_links":{"self":[{"href":"https:\/\/www.radiopresidenteibanez.cl\/web\/wp-json\/wp\/v2\/posts\/15058","targetHints":{"allow":["GET"]}}],"collection":[{"href":"https:\/\/www.radiopresidenteibanez.cl\/web\/wp-json\/wp\/v2\/posts"}],"about":[{"href":"https:\/\/www.radiopresidenteibanez.cl\/web\/wp-json\/wp\/v2\/types\/post"}],"author":[{"embeddable":true,"href":"https:\/\/www.radiopresidenteibanez.cl\/web\/wp-json\/wp\/v2\/users\/2"}],"replies":[{"embeddable":true,"href":"https:\/\/www.radiopresidenteibanez.cl\/web\/wp-json\/wp\/v2\/comments?post=15058"}],"version-history":[{"count":0,"href":"https:\/\/www.radiopresidenteibanez.cl\/web\/wp-json\/wp\/v2\/posts\/15058\/revisions"}],"wp:featuredmedia":[{"embeddable":true,"href":"https:\/\/www.radiopresidenteibanez.cl\/web\/wp-json\/wp\/v2\/media\/15059"}],"wp:attachment":[{"href":"https:\/\/www.radiopresidenteibanez.cl\/web\/wp-json\/wp\/v2\/media?parent=15058"}],"wp:term":[{"taxonomy":"category","embeddable":true,"href":"https:\/\/www.radiopresidenteibanez.cl\/web\/wp-json\/wp\/v2\/categories?post=15058"},{"taxonomy":"post_tag","embeddable":true,"href":"https:\/\/www.radiopresidenteibanez.cl\/web\/wp-json\/wp\/v2\/tags?post=15058"}],"curies":[{"name":"wp","href":"https:\/\/api.w.org\/{rel}","templated":true}]}}