{"id":15052,"date":"2020-10-02T19:44:50","date_gmt":"2020-10-02T19:44:50","guid":{"rendered":"https:\/\/www.radiopresidenteibanez.cl\/web\/?p=15052"},"modified":"2020-10-02T19:44:55","modified_gmt":"2020-10-02T19:44:55","slug":"enap-sera-parte-de-innovador-proyecto-de-hidrogeno-verde-en-magallanes","status":"publish","type":"post","link":"https:\/\/www.radiopresidenteibanez.cl\/web\/enap-sera-parte-de-innovador-proyecto-de-hidrogeno-verde-en-magallanes\/","title":{"rendered":"ENAP SER\u00c1 PARTE DE INNOVADOR PROYECTO DE HIDR\u00d3GENO VERDE EN MAGALLANES"},"content":{"rendered":"\n<p>Hoyfue presentada en la Regi\u00f3n de\nMagallanes la iniciativa conocida como HIF, que es promovida por la compa\u00f1\u00eda\nnacional AME, con la colaboraci\u00f3n de Siemens Energy y Porsche junto Enel Green\nPower y la Empresa Nacional del Petr\u00f3leo, ENAP. Se trata de un innovador proyecto\nque busca producir hidr\u00f3geno verde en Cabo Negro, para posteriormente impulsar la\nproducci\u00f3n de una nueva generaci\u00f3n de combustibles sint\u00e9ticos.<\/p>\n\n\n\n<p>Al respecto, el Gerente General, <strong>Andr\u00e9s\nRoccatagliata<\/strong>, asegur\u00f3 que \u201cparticipar de la producci\u00f3n de hidr\u00f3geno verde\npara crear metanol y gasolina verde nos llena de orgullo. Estas nuevas energ\u00edas\nson el futuro que ENAP est\u00e1 impulsando, contribuyendo con nuestro conocimiento,\nexperiencia, infraestructura y con el valioso aporte de nuestra gente\u201d.<\/p>\n\n\n\n<p>El ejecutivo agreg\u00f3&nbsp;que \u201cen estas tierras\nse descubri\u00f3 el petr\u00f3leo, hace m\u00e1s de 70 a\u00f1os. Ahora estamos frente a un nuevo\nhito, que es la b\u00fasqueda de nuevas tecnolog\u00edas, con lo cual se dar\u00e1 un nuevo impulso\necon\u00f3mico a la regi\u00f3n y, por qu\u00e9 no decirlo, al pa\u00eds entero. En ENAP confiamos\nque desde aqu\u00ed salga energ\u00eda para Magallanes y, siendo ambiciosos, para Chile y\ntodos los pa\u00edses que se beneficien de esta tecnolog\u00eda\u201d.<\/p>\n\n\n\n<p>Este proyecto es una muestra m\u00e1s del compromiso\nde ENAP con el desarrollo de las energ\u00edas verdes y la descarbonizaci\u00f3n de la\nmatriz nacional, lo que tambi\u00e9n se materializa con la puesta en marcha del\nParque E\u00f3lico Vientos Patag\u00f3nicos, que impulsa ENAP junto a Pecket Energy en\nCabo Negro. Esta iniciativa inyectar\u00e1 10,35MW a la red el\u00e9ctrica de Punta\nArenas, beneficiando a unos 15 mil hogares. Se trata de una inversi\u00f3n total que\nsupera los US$22 millones y cuya entrada en operaci\u00f3n aumenta la participaci\u00f3n\nde las Energ\u00edas sostenibles en Magallanes desde 2% a un 18% <\/p>\n\n\n\n<p>\u201cHace cinco siglos, los vientos\npatag\u00f3nicos guiaron la expedici\u00f3n comandada por Fernando de Magallanes, tambi\u00e9n\nconocido como&nbsp;Hernando de Magallanes. Y\nesos mismos vientos son los que hoy le est\u00e1n entregando energ\u00eda limpia a estas\ntierras a trav\u00e9s de este parque e\u00f3lico, destinado a entregar su aporte a la\ndescarbonizaci\u00f3n y al combate al cambio clim\u00e1tico\u201d, subray\u00f3 Andr\u00e9s\nRoccatagliata.<\/p>\n","protected":false},"excerpt":{"rendered":"<p>Hoyfue presentada en la Regi\u00f3n de Magallanes la iniciativa conocida como HIF, que es promovida por la compa\u00f1\u00eda nacional AME, con la colaboraci\u00f3n de Siemens Energy y Porsche junto Enel&#8230; <a class=\"read-more\" href=\"https:\/\/www.radiopresidenteibanez.cl\/web\/enap-sera-parte-de-innovador-proyecto-de-hidrogeno-verde-en-magallanes\/\">Leer m\u00e1s<\/a><\/p>\n","protected":false},"author":2,"featured_media":2789,"comment_status":"closed","ping_status":"closed","sticky":false,"template":"","format":"standard","meta":{"footnotes":""},"categories":[1],"tags":[],"class_list":["post-15052","post","type-post","status-publish","format-standard","has-post-thumbnail","hentry","category-cronica"],"_links":{"self":[{"href":"https:\/\/www.radiopresidenteibanez.cl\/web\/wp-json\/wp\/v2\/posts\/15052","targetHints":{"allow":["GET"]}}],"collection":[{"href":"https:\/\/www.radiopresidenteibanez.cl\/web\/wp-json\/wp\/v2\/posts"}],"about":[{"href":"https:\/\/www.radiopresidenteibanez.cl\/web\/wp-json\/wp\/v2\/types\/post"}],"author":[{"embeddable":true,"href":"https:\/\/www.radiopresidenteibanez.cl\/web\/wp-json\/wp\/v2\/users\/2"}],"replies":[{"embeddable":true,"href":"https:\/\/www.radiopresidenteibanez.cl\/web\/wp-json\/wp\/v2\/comments?post=15052"}],"version-history":[{"count":0,"href":"https:\/\/www.radiopresidenteibanez.cl\/web\/wp-json\/wp\/v2\/posts\/15052\/revisions"}],"wp:featuredmedia":[{"embeddable":true,"href":"https:\/\/www.radiopresidenteibanez.cl\/web\/wp-json\/wp\/v2\/media\/2789"}],"wp:attachment":[{"href":"https:\/\/www.radiopresidenteibanez.cl\/web\/wp-json\/wp\/v2\/media?parent=15052"}],"wp:term":[{"taxonomy":"category","embeddable":true,"href":"https:\/\/www.radiopresidenteibanez.cl\/web\/wp-json\/wp\/v2\/categories?post=15052"},{"taxonomy":"post_tag","embeddable":true,"href":"https:\/\/www.radiopresidenteibanez.cl\/web\/wp-json\/wp\/v2\/tags?post=15052"}],"curies":[{"name":"wp","href":"https:\/\/api.w.org\/{rel}","templated":true}]}}