{"id":15049,"date":"2020-10-02T19:42:10","date_gmt":"2020-10-02T19:42:10","guid":{"rendered":"https:\/\/www.radiopresidenteibanez.cl\/web\/?p=15049"},"modified":"2020-10-02T19:42:15","modified_gmt":"2020-10-02T19:42:15","slug":"alcalde-radonich-respaldo-a-los-funcionarios-de-la-atencion-primaria-luego-de-informe-del-servicio-de-salud-que-cuestionaba-su-trabajo","status":"publish","type":"post","link":"https:\/\/www.radiopresidenteibanez.cl\/web\/alcalde-radonich-respaldo-a-los-funcionarios-de-la-atencion-primaria-luego-de-informe-del-servicio-de-salud-que-cuestionaba-su-trabajo\/","title":{"rendered":"ALCALDE RADONICH RESPALD\u00d3 A LOS FUNCIONARIOS DE LA ATENCI\u00d3N PRIMARIA LUEGO DE INFORME DEL SERVICIO DE SALUD QUE CUESTIONABA SU TRABAJO"},"content":{"rendered":"\n<p>Durante esta jornada se realiz\u00f3 una sesi\u00f3n extraordinaria del Concejo Municipal, fundada en aclarar un informe emitido desde el Servicio de Salud Magallanes, que cuestionaba duramente el trabajo desarrollado por el \u00c1rea de Salud Comunal durante la Pandemia, frente a lo cual el alcalde Claudio Radonich fue enf\u00e1tico en desmentir y entregar total y absoluto apoyo a todos los funcionarios que trabajan en la Salud Municipal de Punta Arenas.<\/p>\n\n\n\n<p>\u201cDebo decir que el informe que hemos le\u00eddo emanado desde el Servicio de Salud Magallanes, y que adem\u00e1s no tiene firma, sino que s\u00f3lo un logo, contiene errores graves y sobretodo omisiones de informaci\u00f3n fundamental para poder tener una buena pol\u00edtica p\u00fablica. La estrategia regional ha sido un fracaso, producto de los cambios y decisiones que se han tomado internamente\u201d, replic\u00f3 Radonich frente al documento.<\/p>\n\n\n\n<p>Asimismo, el jefe comunal a\u00f1adi\u00f3 que \u201choy estamos ocupando tiempo valioso en desmentir un informe err\u00f3neo; estamos utilizando tiempo en aclarar una situaci\u00f3n compleja, que menoscaba el trabajo de la Salud Municipal, lo cual encuentro intolerable y espero que se rectifique lo antes posible\u201d.<\/p>\n\n\n\n<p>De igual manera, argument\u00f3 que \u201cotra cosa lamentable, es que tanto el seremi de salud y el director del servicio de salud Magallanes, reconocieron que no conoc\u00edan el texto del informe, invalidando lo enviado a nivel central\u201d. En ese sentido, el Alcalde de Punta Arenas espera&nbsp;una explicaci\u00f3n y las disculpas correspondientes para cientos de funcionarios de Atenci\u00f3n Primaria de Salud que se han visto menoscabados por un informe malintencionado, que seg\u00fan sus palabras \u201cimpide poder concentrarnos en lo importante, que es bajar la cantidad de contagios en nuestra Regi\u00f3n\u201d.<\/p>\n\n\n\n<p>Frente a esto, Nelson Reyes, director del Servicio de Salud Magallanes, expres\u00f3 que \u201cun funcionario emiti\u00f3 un informe sin consultar a este Director, enter\u00e1ndonos cuando el Alcalde nos inform\u00f3\u201d.<\/p>\n\n\n\n<p>\u201cTomaremos las medidas correspondientes frente a este informe, y reconocemos el trabajo que han realizado en la Atenci\u00f3n Primaria de Salud durante todo este periodo\u201d, sostuvo Reyes.<\/p>\n\n\n\n<p>Finalmente, Rosa Bidart, jefa del \u00c1rea de Salud Municipal agreg\u00f3 que \u201cseguiremos trabajando con el mismo compromiso para combatir esta pandemia. Nos sentimos m\u00e1s unidos que nunca, y agradezco a todos los funcionarios por su trabajo y esfuerzo durante todo este tiempo\u201d.<\/p>\n","protected":false},"excerpt":{"rendered":"<p>Durante esta jornada se realiz\u00f3 una sesi\u00f3n extraordinaria del Concejo Municipal, fundada en aclarar un informe emitido desde el Servicio de Salud Magallanes, que cuestionaba duramente el trabajo desarrollado por&#8230; <a class=\"read-more\" href=\"https:\/\/www.radiopresidenteibanez.cl\/web\/alcalde-radonich-respaldo-a-los-funcionarios-de-la-atencion-primaria-luego-de-informe-del-servicio-de-salud-que-cuestionaba-su-trabajo\/\">Leer m\u00e1s<\/a><\/p>\n","protected":false},"author":2,"featured_media":15050,"comment_status":"closed","ping_status":"closed","sticky":false,"template":"","format":"standard","meta":{"footnotes":""},"categories":[1],"tags":[],"class_list":["post-15049","post","type-post","status-publish","format-standard","has-post-thumbnail","hentry","category-cronica"],"_links":{"self":[{"href":"https:\/\/www.radiopresidenteibanez.cl\/web\/wp-json\/wp\/v2\/posts\/15049","targetHints":{"allow":["GET"]}}],"collection":[{"href":"https:\/\/www.radiopresidenteibanez.cl\/web\/wp-json\/wp\/v2\/posts"}],"about":[{"href":"https:\/\/www.radiopresidenteibanez.cl\/web\/wp-json\/wp\/v2\/types\/post"}],"author":[{"embeddable":true,"href":"https:\/\/www.radiopresidenteibanez.cl\/web\/wp-json\/wp\/v2\/users\/2"}],"replies":[{"embeddable":true,"href":"https:\/\/www.radiopresidenteibanez.cl\/web\/wp-json\/wp\/v2\/comments?post=15049"}],"version-history":[{"count":0,"href":"https:\/\/www.radiopresidenteibanez.cl\/web\/wp-json\/wp\/v2\/posts\/15049\/revisions"}],"wp:featuredmedia":[{"embeddable":true,"href":"https:\/\/www.radiopresidenteibanez.cl\/web\/wp-json\/wp\/v2\/media\/15050"}],"wp:attachment":[{"href":"https:\/\/www.radiopresidenteibanez.cl\/web\/wp-json\/wp\/v2\/media?parent=15049"}],"wp:term":[{"taxonomy":"category","embeddable":true,"href":"https:\/\/www.radiopresidenteibanez.cl\/web\/wp-json\/wp\/v2\/categories?post=15049"},{"taxonomy":"post_tag","embeddable":true,"href":"https:\/\/www.radiopresidenteibanez.cl\/web\/wp-json\/wp\/v2\/tags?post=15049"}],"curies":[{"name":"wp","href":"https:\/\/api.w.org\/{rel}","templated":true}]}}