{"id":15047,"date":"2020-10-02T19:28:24","date_gmt":"2020-10-02T19:28:24","guid":{"rendered":"https:\/\/www.radiopresidenteibanez.cl\/web\/?p=15047"},"modified":"2020-10-02T19:28:29","modified_gmt":"2020-10-02T19:28:29","slug":"declaracion-publica-asociacion-gremial-gastronomica-de-punta-arenas","status":"publish","type":"post","link":"https:\/\/www.radiopresidenteibanez.cl\/web\/declaracion-publica-asociacion-gremial-gastronomica-de-punta-arenas\/","title":{"rendered":"DECLARACION PUBLICA ASOCIACI\u00d3N GREMIAL GASTRONOMICA DE PUNTA ARENAS"},"content":{"rendered":"\n<p>La pandemia golpea fuerte en nuestra regi\u00f3n, generando la\nperdida de vidas de magall\u00e1nicos, tensionando fuertemente nuestros servicios de\nsalud de atenci\u00f3n hospitalaria y red de atenci\u00f3n primaria, una ciudadan\u00eda\nimpedida de ejecutar sus actividades con normalidad generando altos niveles de\ncesant\u00eda y adem\u00e1s muchas familias han disminuido considerablemente sus ingresos\necon\u00f3micos.<\/p>\n\n\n\n<p>&nbsp;&nbsp;&nbsp;&nbsp;&nbsp;&nbsp;&nbsp;&nbsp;&nbsp;&nbsp;&nbsp;&nbsp;&nbsp; En este\ncuadro que nos afecta a todos nos enteramos por los medios de comunicaci\u00f3n\nan\u00e1lisis sanitarios contradictorios entre la salud municipal y los organismos dependendientes\ndel ministerio de salud, lo que refleja la poca coordinaci\u00f3n existente, as\u00ed\ncomo la poca claridad en determinar responsabilidades y competencias.<\/p>\n\n\n\n<p>&nbsp;&nbsp;&nbsp;&nbsp;&nbsp;&nbsp;&nbsp;&nbsp;&nbsp;&nbsp;&nbsp;&nbsp;&nbsp; En este\nescenario quisi\u00e9ramos exponer algunas reflexiones:<\/p>\n\n\n\n<p>&nbsp;&nbsp;&nbsp;&nbsp;&nbsp;&nbsp;&nbsp;&nbsp;&nbsp;&nbsp;&nbsp;&nbsp;&nbsp; Es deber\nineludible de las autoridades hacerse cargo de la administraci\u00f3n de esta crisis\nsanitaria, la coordinaci\u00f3n y ejecuci\u00f3n de la estrategia se debe reflejar con\ntransparencia ante la comunidad y deben ser eficaces y coherentes.<\/p>\n\n\n\n<p>&nbsp;&nbsp;&nbsp;&nbsp;&nbsp;&nbsp;&nbsp;&nbsp;&nbsp;&nbsp;&nbsp;&nbsp;&nbsp; A siete\nmeses de una pandemia desatada en nuestra regi\u00f3n enterarnos que no existe\ncoordinaci\u00f3n y m\u00e1s aun no tener informaci\u00f3n precisa del comportamiento de esta segunda\nola muestra niveles de incertidumbre que a nuestra poblaci\u00f3n le cuesta entender.<\/p>\n\n\n\n<p>&nbsp;&nbsp;&nbsp;&nbsp;&nbsp;&nbsp;&nbsp;&nbsp;&nbsp;&nbsp;&nbsp;&nbsp;&nbsp; El domingo\nen la noche nos enteramos por un medio televisivo (canal 13) que el ministro\nEnrique Paris de salud afirmaba que las cuarentenas largas no sirven para\ncontrolar las pandemias, adem\u00e1s se\u00f1alo tajantemente que era muy improbable un\nrebrote como en Europa o Magallanes porque se testeaba mucho y se trazaba muy\nbien en Santiago. Lo cual nos motiva a preguntarnos entonces cual es la\nestrategia para Magallanes para disminuir los contagios y adem\u00e1s entonces no se\nha hecho la cantidad de testeos necesarios ni la trazabilidad adecuada. Lo que\npodemos afirmar es que lo hecho hasta ahora no ha dado resultado, por lo tanto,\nhay que buscar medidas que sean m\u00e1s eficaces en el control de la pandemia.<\/p>\n\n\n\n<p>&nbsp;&nbsp;&nbsp;&nbsp;&nbsp;&nbsp;&nbsp;&nbsp;&nbsp;&nbsp;&nbsp;&nbsp;&nbsp; Nosotros\nno somos expertos en estas materias ni nos pronunciaremos para se\u00f1alar que es\nlo que se ha hecho mal, lo que demandamos es una estrategia sanitaria clara\npara nuestra regi\u00f3n con coordinaciones eficientes entre las autoridades e\ninstituciones que est\u00e9n a la altura de la urgencia que vive nuestra regi\u00f3n.<\/p>\n\n\n\n<p>&nbsp;&nbsp;&nbsp;&nbsp;&nbsp;&nbsp;&nbsp;&nbsp;&nbsp;&nbsp;&nbsp;&nbsp;&nbsp; Creemos\nimperativo entender la realidad que vivimos muchos magall\u00e1nicos, no se puede\nseguir sosteniendo que la alta tasa de contagios es por la gran movilidad que\nexiste en nuestra ciudad lo cual ser\u00eda porque los magall\u00e1nicos son tozudos o\nles gusta solo romper las normas y andar de fiesta, puede que algo de eso sea\nverdad pero no hay que desconocer lo esencialmente real, la gente sale y rompe\ncuarentenas pues necesitan trabajar, hay muchos trabajadores independientes que\nse ganan su sustento d\u00eda a d\u00eda y no asumir esta realidad por parte de las\nautoridades es lamentable, esa es una materia a resolver de verdad para\nsostener la cuarentena.<\/p>\n\n\n\n<p>&nbsp;&nbsp;&nbsp;&nbsp;&nbsp;&nbsp;&nbsp;&nbsp;&nbsp;&nbsp;&nbsp;&nbsp;&nbsp; Esperamos\nuna campa\u00f1a m\u00e1s activa de protecci\u00f3n a los distintos grupos de riesgo, adultos\nmayores, sujetos con enfermedades prexistentes complejas que est\u00e1n con riesgo\nentreg\u00e1ndole recursos adecuados para una cuarentena m\u00e1s efectiva.<\/p>\n\n\n\n<p>&nbsp;&nbsp;&nbsp;&nbsp;&nbsp;&nbsp;&nbsp;&nbsp;&nbsp;&nbsp;&nbsp;&nbsp;&nbsp; Solicitamos\ncampa\u00f1as educativas masivas que ayuden a la comunidad a utilizar las\nmascarillas, alcohol, jab\u00f3n y distancia social como herramientas y\ncomportamiento asumidos para coexistir con m\u00e1s seguridad en esta pandemia.<\/p>\n\n\n\n<p>&nbsp;&nbsp;&nbsp;&nbsp;&nbsp;&nbsp;&nbsp;&nbsp;&nbsp;&nbsp;&nbsp;&nbsp;&nbsp; La\ncomunidad no comprende una serie de restricciones que nos aplican a nuestro\ndesplazamiento, como el toque de queda en ponerlo a las 20.00Horas como si el\nvirus contagiara m\u00e1s de noche pero aumentamos los vuelos sin distancia social\nal interior de los aviones y nos cuentan que los filtros de estos aviones lo\npermite, lo cual es rid\u00edculo pues van unos al lado del otro y el proceso de\npurificaci\u00f3n de aire es lento, est\u00e1n hacinados tres horas pero nadie puede ir a\ncomer a un restaurante que puede tener distancia social y cumplir todas las\nmedidas sanitarias.<\/p>\n\n\n\n<p>&nbsp;&nbsp;&nbsp;&nbsp;&nbsp;&nbsp;&nbsp;&nbsp;&nbsp;&nbsp;&nbsp;&nbsp;&nbsp; Estas\nreflexiones de nuestra asocian gremial buscan que los responsables de\nadministrar esta crisis sanitaria y econ\u00f3mica que nos afecta que no son otros\nque nuestras autoridades regionales y nacionales demuestren claridad y lucidez\ny as\u00ed disminuir los efectos de esta pandemia que tanto nos agobia<\/p>\n\n\n\n<p>Jaime Jelincic A<\/p>\n\n\n\n<p>Presidente de Gastropuq A. G.<\/p>\n","protected":false},"excerpt":{"rendered":"<p>La pandemia golpea fuerte en nuestra regi\u00f3n, generando la perdida de vidas de magall\u00e1nicos, tensionando fuertemente nuestros servicios de salud de atenci\u00f3n hospitalaria y red de atenci\u00f3n primaria, una ciudadan\u00eda&#8230; <a class=\"read-more\" href=\"https:\/\/www.radiopresidenteibanez.cl\/web\/declaracion-publica-asociacion-gremial-gastronomica-de-punta-arenas\/\">Leer m\u00e1s<\/a><\/p>\n","protected":false},"author":2,"featured_media":740,"comment_status":"closed","ping_status":"closed","sticky":false,"template":"","format":"standard","meta":{"footnotes":""},"categories":[1],"tags":[],"class_list":["post-15047","post","type-post","status-publish","format-standard","has-post-thumbnail","hentry","category-cronica"],"_links":{"self":[{"href":"https:\/\/www.radiopresidenteibanez.cl\/web\/wp-json\/wp\/v2\/posts\/15047","targetHints":{"allow":["GET"]}}],"collection":[{"href":"https:\/\/www.radiopresidenteibanez.cl\/web\/wp-json\/wp\/v2\/posts"}],"about":[{"href":"https:\/\/www.radiopresidenteibanez.cl\/web\/wp-json\/wp\/v2\/types\/post"}],"author":[{"embeddable":true,"href":"https:\/\/www.radiopresidenteibanez.cl\/web\/wp-json\/wp\/v2\/users\/2"}],"replies":[{"embeddable":true,"href":"https:\/\/www.radiopresidenteibanez.cl\/web\/wp-json\/wp\/v2\/comments?post=15047"}],"version-history":[{"count":0,"href":"https:\/\/www.radiopresidenteibanez.cl\/web\/wp-json\/wp\/v2\/posts\/15047\/revisions"}],"wp:featuredmedia":[{"embeddable":true,"href":"https:\/\/www.radiopresidenteibanez.cl\/web\/wp-json\/wp\/v2\/media\/740"}],"wp:attachment":[{"href":"https:\/\/www.radiopresidenteibanez.cl\/web\/wp-json\/wp\/v2\/media?parent=15047"}],"wp:term":[{"taxonomy":"category","embeddable":true,"href":"https:\/\/www.radiopresidenteibanez.cl\/web\/wp-json\/wp\/v2\/categories?post=15047"},{"taxonomy":"post_tag","embeddable":true,"href":"https:\/\/www.radiopresidenteibanez.cl\/web\/wp-json\/wp\/v2\/tags?post=15047"}],"curies":[{"name":"wp","href":"https:\/\/api.w.org\/{rel}","templated":true}]}}