{"id":15044,"date":"2020-10-02T19:25:46","date_gmt":"2020-10-02T19:25:46","guid":{"rendered":"https:\/\/www.radiopresidenteibanez.cl\/web\/?p=15044"},"modified":"2020-10-02T19:25:51","modified_gmt":"2020-10-02T19:25:51","slug":"colegio-de-periodistas-de-magallanes-llama-a-la-comunidad-a-participar-y-votar-apruebo-en-historico-plebiscito-constitucional","status":"publish","type":"post","link":"https:\/\/www.radiopresidenteibanez.cl\/web\/colegio-de-periodistas-de-magallanes-llama-a-la-comunidad-a-participar-y-votar-apruebo-en-historico-plebiscito-constitucional\/","title":{"rendered":"COLEGIO DE PERIODISTAS DE MAGALLANES LLAMA A LA COMUNIDAD A PARTICIPAR Y VOTAR APRUEBO EN HIST\u00d3RICO PLEBISCITO CONSTITUCIONAL"},"content":{"rendered":"\n<p>Un\ndemocr\u00e1tico llamado a participar en el plebiscito constitucional del 25 de\noctubre es el que realiz\u00f3 el Colegio de Periodistas de Magallanes a toda la\ncomunidad regional, invitando a todas y todos a ser parte de este hist\u00f3rico\nproceso que busca una nueva Constituci\u00f3n para Chile.<\/p>\n\n\n\n<p>En su\nasamblea del 22 de septiembre, el Colegio de Periodistas Regional determin\u00f3\nhacer p\u00fablica su mayoritaria posici\u00f3n por la opci\u00f3n Apruebo y Convenci\u00f3n\nConstituyente, ratificando lo acordado en el XVII Congreso Nacional del gremio\n-realizado en enero en la ciudad de Antofagasta- en donde en forma un\u00e1nime se\ndetermin\u00f3 la necesaria consagraci\u00f3n de una Nueva Constituci\u00f3n para Chile, que\ndebe ser debatida por el soberano en una asamblea constituyente, sin\nimposiciones de qu\u00f3rum y que recoja las miradas y voces de la sociedad chilena,\nreconociendo su heterogeneidad.<\/p>\n\n\n\n<p>Pensamos que\ndada la crisis por la que atraviesa el periodismo nacional y los medios de\ncomunicaci\u00f3n, el pa\u00eds requiere un marco regulatorio que garantice el pluralismo\ninformativo y la libertad de expresi\u00f3n, con medios p\u00fablicos, privados y\ncomunitarios, que cuenten con garant\u00edas para su viabilidad econ\u00f3mica, en\nigualdad de condiciones que las grandes empresas period\u00edsticas que hoy operan\ncomo monopolios en el mercado medial. S\u00f3lo as\u00ed, se podr\u00e1 evitar la alta\nconcentraci\u00f3n econ\u00f3mica, pol\u00edtica e ideol\u00f3gica existente hoy en nuestro pa\u00eds.<\/p>\n\n\n\n<p>A nivel\nnacional se ha conformado un bloque denominado \u201cPor el Derecho a la\nComunicaci\u00f3n\u201d, el cual declara que este derecho debe estar consagrado en la\nnueva Constituci\u00f3n como principio fundamental de una sociedad democr\u00e1tica. El\ndocumento -firmado por colegios regionales, escuela de periodismo, medios de\ncomunicaci\u00f3n, entre otras instituciones- se\u00f1ala que: \u201cEntendemos el derecho a\nla comunicaci\u00f3n como la comprensi\u00f3n m\u00e1s amplia establecida por el sistema\ninternacional de Derechos Humanos sobre garant\u00edas asociadas a la comunicaci\u00f3n\ncomo la libertad de expresi\u00f3n, de prensa y acceso a la informaci\u00f3n\u201d.<\/p>\n\n\n\n<p>El documento\nagrega que el Derecho a la Comunicaci\u00f3n \u201ccomprende el derecho de todas las\npersonas no solo a buscar y recibir informaci\u00f3n plural, sino tambi\u00e9n a\ndifundirla por cualquier medio de expresi\u00f3n sin discriminaciones ni sujeci\u00f3n a\nlimitaciones econ\u00f3micas, ideol\u00f3gicas o culturales, correspondiendo al\nEstado&nbsp;impulsar el pluralismo al mayor grado posible, para as\u00ed lograr un\nequilibrio en la participaci\u00f3n de las distintas informaciones en el debate\np\u00fablico, y tambi\u00e9n para proteger los Derechos Humanos de quienes enfrentan el\npoder de los medios\u201d, suscribiendo lo que se\u00f1ala la Comisi\u00f3n Internacional de\nDerechos Humanos en su Informe Anual de 2010.<\/p>\n\n\n\n<p>\u201cUna de las\nprincipales formas de tener una ciudadan\u00eda cr\u00edtica y opinante es a trav\u00e9s de\ncontenidos pluriculturales, descentralizados y locales, con enfoque de derechos\nhumanos, interseccional, feminista y de g\u00e9nero, contenidos de los que hoy\ncarecen los medios de comunicaci\u00f3n\u201d, declaran desde el Bloque.<\/p>\n\n\n\n<p>En materia\nregional, el Colegio de Periodistas conform\u00f3 una Comisi\u00f3n Constituyente que\ntendr\u00e1 la misi\u00f3n de dar conocer las razones y fundamentos del porqu\u00e9 espera que\nel pa\u00eds cuente con una nueva carta fundamental mediante una Convenci\u00f3n\nConstituyente. Adem\u00e1s, el \u00f3rgano colegiado emplaz\u00f3 al Gobierno a dar garant\u00edas\npara el Plebiscito del 25 de octubre, asegurando la legitimidad del proceso\nelectoral, garantizando la sanitizaci\u00f3n de los locales de votaci\u00f3n y\ncontribuyendo a que la ciudadan\u00eda vote informada, ejerciendo as\u00ed en plenitud\nsus derechos.<\/p>\n\n\n\n<p>Las y los\nperiodistas invitan adem\u00e1s a las organizaciones sociales y otros colegios\nprofesionales locales a generar un amplio debate respecto a la Constituci\u00f3n que\ngarantice los derechos de todas y todos los habitantes del territorio nacional,\ny a sumar dentro de sus propuestas la necesaria reivindicaci\u00f3n por el Derecho a\nla Comunicaci\u00f3n. <\/p>\n\n\n\n<p>Finalmente,\nel Colegio de Periodistas reiter\u00f3 su invitaci\u00f3n a profesionales de las\ncomunicaciones a ser parte activa del gremio e invita a los medios de\ncomunicaci\u00f3n de prensa escrita, radioemisoras, canales de televisi\u00f3n y portales\nde redes sociales y comunitarios a suscribir la declaraci\u00f3n del Bloque por el\nDerecho a la Comunicaci\u00f3n cuyo detalle se encuentra en el siguiente enlace : <a href=\"https:\/\/bit.ly\/36k28MQ\">https:\/\/bit.ly\/36k28MQ<\/a>.<\/p>\n","protected":false},"excerpt":{"rendered":"<p>Un democr\u00e1tico llamado a participar en el plebiscito constitucional del 25 de octubre es el que realiz\u00f3 el Colegio de Periodistas de Magallanes a toda la comunidad regional, invitando a&#8230; <a class=\"read-more\" href=\"https:\/\/www.radiopresidenteibanez.cl\/web\/colegio-de-periodistas-de-magallanes-llama-a-la-comunidad-a-participar-y-votar-apruebo-en-historico-plebiscito-constitucional\/\">Leer m\u00e1s<\/a><\/p>\n","protected":false},"author":2,"featured_media":15045,"comment_status":"closed","ping_status":"closed","sticky":false,"template":"","format":"standard","meta":{"footnotes":""},"categories":[1],"tags":[],"class_list":["post-15044","post","type-post","status-publish","format-standard","has-post-thumbnail","hentry","category-cronica"],"_links":{"self":[{"href":"https:\/\/www.radiopresidenteibanez.cl\/web\/wp-json\/wp\/v2\/posts\/15044","targetHints":{"allow":["GET"]}}],"collection":[{"href":"https:\/\/www.radiopresidenteibanez.cl\/web\/wp-json\/wp\/v2\/posts"}],"about":[{"href":"https:\/\/www.radiopresidenteibanez.cl\/web\/wp-json\/wp\/v2\/types\/post"}],"author":[{"embeddable":true,"href":"https:\/\/www.radiopresidenteibanez.cl\/web\/wp-json\/wp\/v2\/users\/2"}],"replies":[{"embeddable":true,"href":"https:\/\/www.radiopresidenteibanez.cl\/web\/wp-json\/wp\/v2\/comments?post=15044"}],"version-history":[{"count":0,"href":"https:\/\/www.radiopresidenteibanez.cl\/web\/wp-json\/wp\/v2\/posts\/15044\/revisions"}],"wp:featuredmedia":[{"embeddable":true,"href":"https:\/\/www.radiopresidenteibanez.cl\/web\/wp-json\/wp\/v2\/media\/15045"}],"wp:attachment":[{"href":"https:\/\/www.radiopresidenteibanez.cl\/web\/wp-json\/wp\/v2\/media?parent=15044"}],"wp:term":[{"taxonomy":"category","embeddable":true,"href":"https:\/\/www.radiopresidenteibanez.cl\/web\/wp-json\/wp\/v2\/categories?post=15044"},{"taxonomy":"post_tag","embeddable":true,"href":"https:\/\/www.radiopresidenteibanez.cl\/web\/wp-json\/wp\/v2\/tags?post=15044"}],"curies":[{"name":"wp","href":"https:\/\/api.w.org\/{rel}","templated":true}]}}