{"id":15042,"date":"2020-10-02T19:18:27","date_gmt":"2020-10-02T19:18:27","guid":{"rendered":"https:\/\/www.radiopresidenteibanez.cl\/web\/?p=15042"},"modified":"2020-10-02T19:18:32","modified_gmt":"2020-10-02T19:18:32","slug":"ps-magallanes-lamenta-el-fracaso-de-la-unidad-a-nivel-nacional-y-hace-un-llamado-a-la-unidad-de-la-oposicion-a-nivel-regional","status":"publish","type":"post","link":"https:\/\/www.radiopresidenteibanez.cl\/web\/ps-magallanes-lamenta-el-fracaso-de-la-unidad-a-nivel-nacional-y-hace-un-llamado-a-la-unidad-de-la-oposicion-a-nivel-regional\/","title":{"rendered":"PS MAGALLANES LAMENTA EL FRACASO DE LA UNIDAD A NIVEL NACIONAL Y HACE UN LLAMADO A LA UNIDAD DE LA OPOSICI\u00d3N A NIVEL REGIONAL"},"content":{"rendered":"\n<p>Respecto de las\nnegociaciones nacionales que buscaban la unidad de las fuerzas de oposici\u00f3n, &nbsp;el Partido Socialista de Chile &#8211; Regional\nMagallanes declara lo siguiente:<\/p>\n\n\n\n<ol class=\"wp-block-list\"><li>Las y los socialistas hicimos\ntodos los esfuerzos en forma p\u00fablica y privada para alcanzar la unidad de la\noposici\u00f3n y poder con ello tener una definici\u00f3n de candidaturas \u00fanicas en todo\nChile, &nbsp;a trav\u00e9s de primarias legales,\nabiertas, vinculantes y sin exclusiones.<\/li><\/ol>\n\n\n\n<ul class=\"wp-block-list\"><li>De la misma forma, el Partido Socialista\nde Chile siempre descart\u00f3 la posibilidad de pactos por omisi\u00f3n que lleven a la\ndesignaci\u00f3n o blindaje de una determinada candidatura, impuesta por el cuoteo y\na espaldas de la voluntad ciudadana. Habiendo diversas candidaturas, las\nprimarias legales o convencionales es un m\u00ednimo exigible.<\/li><\/ul>\n\n\n\n<ul class=\"wp-block-list\"><li>Lamentamos que un sector de la\noposici\u00f3n, anteponga sus propios intereses, condicionando los acuerdos a sus\ncaprichos electorales y practicando t\u00e1cticas dilatorias al momento de sentarse\na conversar sobre la UNIDAD, aquella unidad que procura generar las condiciones\nque permitan recuperar los gobiernos comunales, regionales y nacionales,\npara&nbsp; de esa forma satisfacer las\nurgentes demandas de los chilenos y chilenas en materia de justicia social y\necon\u00f3mica.<\/li><\/ul>\n\n\n\n<ul class=\"wp-block-list\"><li>Condenamos y rechazamos las\nconductas antes mencionadas. La pol\u00edtica del mundo progresista debe recuperar\nel valor de la&nbsp; honestidad &nbsp;en el marco de las negociaciones y desechar el\nc\u00e1lculo peque\u00f1o, y el chantaje.<\/li><\/ul>\n\n\n\n<ul class=\"wp-block-list\"><li>El PS alcanz\u00f3 no obstante, un\nvalioso acuerdo de unidad con todas aquellas fuerzas de oposici\u00f3n que\nmanifestaron su disposici\u00f3n a avanzar en un proyecto de representaci\u00f3n popular\ny ciudadano. Los Socialistas &nbsp;junto al &nbsp;PPD, PR, DC, PRO y Ciudadanos, llevaremos a\ncabo &nbsp;primarias abiertas en todas las\nregiones del Pa\u00eds para elegir nuestros candidatos a Gobernadores.<\/li><\/ul>\n\n\n\n<ul class=\"wp-block-list\"><li>Las y los socialistas reiteramos\nnuestra voluntad de seguir trabajando por la unidad de la oposici\u00f3n que nos\npermita avanzar por los cambios que requiere Chile. De esa forma damos cuenta\nde la voluntad democr\u00e1tica de gran parte del pueblo de Chile, que reclama y\nexige unidad.<\/li><\/ul>\n","protected":false},"excerpt":{"rendered":"<p>Respecto de las negociaciones nacionales que buscaban la unidad de las fuerzas de oposici\u00f3n, &nbsp;el Partido Socialista de Chile &#8211; Regional Magallanes declara lo siguiente: Las y los socialistas hicimos&#8230; <a class=\"read-more\" href=\"https:\/\/www.radiopresidenteibanez.cl\/web\/ps-magallanes-lamenta-el-fracaso-de-la-unidad-a-nivel-nacional-y-hace-un-llamado-a-la-unidad-de-la-oposicion-a-nivel-regional\/\">Leer m\u00e1s<\/a><\/p>\n","protected":false},"author":2,"featured_media":3737,"comment_status":"closed","ping_status":"closed","sticky":false,"template":"","format":"standard","meta":{"footnotes":""},"categories":[1],"tags":[],"class_list":["post-15042","post","type-post","status-publish","format-standard","has-post-thumbnail","hentry","category-cronica"],"_links":{"self":[{"href":"https:\/\/www.radiopresidenteibanez.cl\/web\/wp-json\/wp\/v2\/posts\/15042","targetHints":{"allow":["GET"]}}],"collection":[{"href":"https:\/\/www.radiopresidenteibanez.cl\/web\/wp-json\/wp\/v2\/posts"}],"about":[{"href":"https:\/\/www.radiopresidenteibanez.cl\/web\/wp-json\/wp\/v2\/types\/post"}],"author":[{"embeddable":true,"href":"https:\/\/www.radiopresidenteibanez.cl\/web\/wp-json\/wp\/v2\/users\/2"}],"replies":[{"embeddable":true,"href":"https:\/\/www.radiopresidenteibanez.cl\/web\/wp-json\/wp\/v2\/comments?post=15042"}],"version-history":[{"count":0,"href":"https:\/\/www.radiopresidenteibanez.cl\/web\/wp-json\/wp\/v2\/posts\/15042\/revisions"}],"wp:featuredmedia":[{"embeddable":true,"href":"https:\/\/www.radiopresidenteibanez.cl\/web\/wp-json\/wp\/v2\/media\/3737"}],"wp:attachment":[{"href":"https:\/\/www.radiopresidenteibanez.cl\/web\/wp-json\/wp\/v2\/media?parent=15042"}],"wp:term":[{"taxonomy":"category","embeddable":true,"href":"https:\/\/www.radiopresidenteibanez.cl\/web\/wp-json\/wp\/v2\/categories?post=15042"},{"taxonomy":"post_tag","embeddable":true,"href":"https:\/\/www.radiopresidenteibanez.cl\/web\/wp-json\/wp\/v2\/tags?post=15042"}],"curies":[{"name":"wp","href":"https:\/\/api.w.org\/{rel}","templated":true}]}}