{"id":15035,"date":"2020-10-01T22:38:36","date_gmt":"2020-10-01T22:38:36","guid":{"rendered":"https:\/\/www.radiopresidenteibanez.cl\/web\/?p=15035"},"modified":"2020-10-01T22:38:40","modified_gmt":"2020-10-01T22:38:40","slug":"trabajadores-portuarios-de-puerto-natales-buscan-nuevas-oportunidades-laborales-para-enfrentar-la-pandemia","status":"publish","type":"post","link":"https:\/\/www.radiopresidenteibanez.cl\/web\/trabajadores-portuarios-de-puerto-natales-buscan-nuevas-oportunidades-laborales-para-enfrentar-la-pandemia\/","title":{"rendered":"TRABAJADORES PORTUARIOS DE PUERTO NATALES BUSCAN NUEVAS OPORTUNIDADES LABORALES PARA ENFRENTAR LA PANDEMIA"},"content":{"rendered":"\n<p>\u201cLa pandemia ha generado muchos\ndespidos en Chile y en \u00daltima Esperanza. Es por eso que, como Central Unitaria,\nsolicitamos apoyo a ENAP Magallanes y la empresa nos brind\u00f3 la oportunidad de\ncapacitarnos, lo que es una salvaci\u00f3n y una ayuda importante para quienes\nquedaron sin trabajo o buscan reconvertirse\u201d.<\/p>\n\n\n\n<p>Con estas palabras <strong>Jos\u00e9\nLevicoy,<\/strong> presidente de la Central Unitaria de Trabajadores Provincial\n\u00daltima Esperanza, describe la relevancia que tuvo un curso b\u00e1sico de seguridad\nportuaria realizado durante septiembre en Puerto Natales, capacitaci\u00f3n\nimpulsada por ENAP y que favoreci\u00f3 a 15 personas. <\/p>\n\n\n\n<p>Este curso es una de las\niniciativas que la empresa est\u00e1 desarrollando en Magallanes, con el objetivo de\napoyar a diversos sectores que hoy buscan adquirir nuevas herramientas y as\u00ed\nmirar con mayor optimismo su futuro laboral. <\/p>\n\n\n\n<p>Esta capacitaci\u00f3n -que cerr\u00f3 este\nmi\u00e9rcoles 30 de septiembre- incluy\u00f3 diversas tem\u00e1ticas centradas en la prevenci\u00f3n\nde riesgos durante las faenas de carga, descarga, transporte, consolidaci\u00f3n y\nalmacenamiento de mercanc\u00edas. De igual forma, se abord\u00f3 c\u00f3mo prevenir\naccidentes ocurridos durante la manipulaci\u00f3n, segregaci\u00f3n, estiba y traslado de\nmercanc\u00edas peligrosas; adem\u00e1s de aspectos de la normativa nacional e\ninternacional sobre el transporte y manipulaci\u00f3n de mercanc\u00edas. <\/p>\n\n\n\n<p>\u201cDurante los \u00faltimos a\u00f1os, hemos\ncapacitado a diversos rubros de la regi\u00f3n, incluidos trabajadores portuarios.\nEn medio de esta pandemia, que ha impactado en forma transversal a muchos\nsectores productivos, hemos buscado alternativas que permitan entregar\nconocimientos para que las personas opten a nuevas fuentes laborales. Hasta\nahora, hemos logrado capacitar a cerca de 300 vecinos en los m\u00e1s variados\nrubros. En Puerto Natales, particularmente, hicimos este curso con los\ntrabajadores portuarios y tambi\u00e9n estamos impulsando otro de ingl\u00e9s\u201d, explic\u00f3 <strong>Alfonso\nPacheco,<\/strong> jefe de Comunidades y RSE de ENAP Magallanes. <\/p>\n\n\n\n<p>El curso para trabajadores portuarios\nfue realizado por la OTEC Capacitaci\u00f3n Integral y coordinado a trav\u00e9s de la\nOTIC de la C\u00e1mara Chilena de la Construcci\u00f3n.<\/p>\n\n\n\n<p>Este a\u00f1o, ENAP espera realizar\ncerca de 30 capacitaciones en la regi\u00f3n, todas en modalidad online,\nconstituyendo as\u00ed un apoyo concreto para la comunidad en medio de la pandemia\ndel Coronavirus.&nbsp; <\/p>\n","protected":false},"excerpt":{"rendered":"<p>\u201cLa pandemia ha generado muchos despidos en Chile y en \u00daltima Esperanza. Es por eso que, como Central Unitaria, solicitamos apoyo a ENAP Magallanes y la empresa nos brind\u00f3 la&#8230; <a class=\"read-more\" href=\"https:\/\/www.radiopresidenteibanez.cl\/web\/trabajadores-portuarios-de-puerto-natales-buscan-nuevas-oportunidades-laborales-para-enfrentar-la-pandemia\/\">Leer m\u00e1s<\/a><\/p>\n","protected":false},"author":2,"featured_media":15036,"comment_status":"closed","ping_status":"closed","sticky":false,"template":"","format":"standard","meta":{"footnotes":""},"categories":[1],"tags":[],"class_list":["post-15035","post","type-post","status-publish","format-standard","has-post-thumbnail","hentry","category-cronica"],"_links":{"self":[{"href":"https:\/\/www.radiopresidenteibanez.cl\/web\/wp-json\/wp\/v2\/posts\/15035","targetHints":{"allow":["GET"]}}],"collection":[{"href":"https:\/\/www.radiopresidenteibanez.cl\/web\/wp-json\/wp\/v2\/posts"}],"about":[{"href":"https:\/\/www.radiopresidenteibanez.cl\/web\/wp-json\/wp\/v2\/types\/post"}],"author":[{"embeddable":true,"href":"https:\/\/www.radiopresidenteibanez.cl\/web\/wp-json\/wp\/v2\/users\/2"}],"replies":[{"embeddable":true,"href":"https:\/\/www.radiopresidenteibanez.cl\/web\/wp-json\/wp\/v2\/comments?post=15035"}],"version-history":[{"count":0,"href":"https:\/\/www.radiopresidenteibanez.cl\/web\/wp-json\/wp\/v2\/posts\/15035\/revisions"}],"wp:featuredmedia":[{"embeddable":true,"href":"https:\/\/www.radiopresidenteibanez.cl\/web\/wp-json\/wp\/v2\/media\/15036"}],"wp:attachment":[{"href":"https:\/\/www.radiopresidenteibanez.cl\/web\/wp-json\/wp\/v2\/media?parent=15035"}],"wp:term":[{"taxonomy":"category","embeddable":true,"href":"https:\/\/www.radiopresidenteibanez.cl\/web\/wp-json\/wp\/v2\/categories?post=15035"},{"taxonomy":"post_tag","embeddable":true,"href":"https:\/\/www.radiopresidenteibanez.cl\/web\/wp-json\/wp\/v2\/tags?post=15035"}],"curies":[{"name":"wp","href":"https:\/\/api.w.org\/{rel}","templated":true}]}}