{"id":15032,"date":"2020-10-01T22:34:47","date_gmt":"2020-10-01T22:34:47","guid":{"rendered":"https:\/\/www.radiopresidenteibanez.cl\/web\/?p=15032"},"modified":"2020-10-01T22:34:53","modified_gmt":"2020-10-01T22:34:53","slug":"diputado-bianchi-por-nuevos-buses-si-fuera-por-las-autoridades-regionales-jamas-se-hubiese-cambiado-el-transporte-publico","status":"publish","type":"post","link":"https:\/\/www.radiopresidenteibanez.cl\/web\/diputado-bianchi-por-nuevos-buses-si-fuera-por-las-autoridades-regionales-jamas-se-hubiese-cambiado-el-transporte-publico\/","title":{"rendered":"DIPUTADO BIANCHI POR NUEVOS BUSES: \u201cSI FUERA POR LAS AUTORIDADES REGIONALES, JAM\u00c1S SE HUBIESE CAMBIADO EL TRANSPORTE P\u00daBLICO\u201d"},"content":{"rendered":"\n<p>\u201cTras\nun arduo trabajo fiscalizador en terreno y en la Comisi\u00f3n de Transportes de la\nC\u00e1mara, hoy tenemos un transporte p\u00fablico que da garant\u00edas de seguridad y\ngarant\u00edas laborales a los trabajadores\u201d, asegur\u00f3 Bianchi.<\/p>\n\n\n\n<p>Este\njueves se realiz\u00f3 la inauguraci\u00f3n del servicio de transporte, el que contar\u00e1\ncon nuevos buses para la comunidad. En la instancia, se hizo un simb\u00f3lico corte\nde cinta en la Plaza de Armas, donde particip\u00f3 el diputado independiente, el\nsubsecretario de Transportes y autoridades locales.<\/p>\n\n\n\n<p>El\nservicio comenzar\u00e1 a operar desde este viernes a las 7 horas con 40 de los 70\nbuses de la flota de la nueva administraci\u00f3n de la empresa Ascendal.<\/p>\n\n\n\n<p>\u201cSi\nfuera por las autoridades regionales, jam\u00e1s se hubiese cambiado el transporte\np\u00fablico\u201d, afirm\u00f3 el parlamentario. Recordemos que fue uno de los principales\ngestores de la cesi\u00f3n del contrato, fiscalizando las graves falencias del\nservicio, denunciando en la C\u00e1mara de Diputados y exigiendo nuevos buses para\nla comunidad.<\/p>\n\n\n\n<p>\u201cVamos\na seguir fiscalizando que se cumpla el recorrido, que est\u00e9n todos los buses\nfuncionando y que, en definitiva, nunca m\u00e1s vuelva a suceder algo como esto.\nNos vamos a seguir encargando de que Punta Arenas cuente con un transporte\np\u00fablico de calidad y seguro\u201d, expres\u00f3.<\/p>\n\n\n\n<p>Algunas\nde las caracter\u00edsticas con las que cuentan estos nuevos buses que fueron\nfabricados en Brasil son calefacci\u00f3n, WiFi, botonera de parada\ninal\u00e1mbrica y acceso universal para personas en silla de ruedas.<\/p>\n","protected":false},"excerpt":{"rendered":"<p>\u201cTras un arduo trabajo fiscalizador en terreno y en la Comisi\u00f3n de Transportes de la C\u00e1mara, hoy tenemos un transporte p\u00fablico que da garant\u00edas de seguridad y garant\u00edas laborales a&#8230; <a class=\"read-more\" href=\"https:\/\/www.radiopresidenteibanez.cl\/web\/diputado-bianchi-por-nuevos-buses-si-fuera-por-las-autoridades-regionales-jamas-se-hubiese-cambiado-el-transporte-publico\/\">Leer m\u00e1s<\/a><\/p>\n","protected":false},"author":2,"featured_media":15033,"comment_status":"closed","ping_status":"closed","sticky":false,"template":"","format":"standard","meta":{"footnotes":""},"categories":[1],"tags":[],"class_list":["post-15032","post","type-post","status-publish","format-standard","has-post-thumbnail","hentry","category-cronica"],"_links":{"self":[{"href":"https:\/\/www.radiopresidenteibanez.cl\/web\/wp-json\/wp\/v2\/posts\/15032","targetHints":{"allow":["GET"]}}],"collection":[{"href":"https:\/\/www.radiopresidenteibanez.cl\/web\/wp-json\/wp\/v2\/posts"}],"about":[{"href":"https:\/\/www.radiopresidenteibanez.cl\/web\/wp-json\/wp\/v2\/types\/post"}],"author":[{"embeddable":true,"href":"https:\/\/www.radiopresidenteibanez.cl\/web\/wp-json\/wp\/v2\/users\/2"}],"replies":[{"embeddable":true,"href":"https:\/\/www.radiopresidenteibanez.cl\/web\/wp-json\/wp\/v2\/comments?post=15032"}],"version-history":[{"count":0,"href":"https:\/\/www.radiopresidenteibanez.cl\/web\/wp-json\/wp\/v2\/posts\/15032\/revisions"}],"wp:featuredmedia":[{"embeddable":true,"href":"https:\/\/www.radiopresidenteibanez.cl\/web\/wp-json\/wp\/v2\/media\/15033"}],"wp:attachment":[{"href":"https:\/\/www.radiopresidenteibanez.cl\/web\/wp-json\/wp\/v2\/media?parent=15032"}],"wp:term":[{"taxonomy":"category","embeddable":true,"href":"https:\/\/www.radiopresidenteibanez.cl\/web\/wp-json\/wp\/v2\/categories?post=15032"},{"taxonomy":"post_tag","embeddable":true,"href":"https:\/\/www.radiopresidenteibanez.cl\/web\/wp-json\/wp\/v2\/tags?post=15032"}],"curies":[{"name":"wp","href":"https:\/\/api.w.org\/{rel}","templated":true}]}}