{"id":15026,"date":"2020-10-01T16:51:46","date_gmt":"2020-10-01T16:51:46","guid":{"rendered":"https:\/\/www.radiopresidenteibanez.cl\/web\/?p=15026"},"modified":"2020-10-01T16:51:51","modified_gmt":"2020-10-01T16:51:51","slug":"mtt-implementa-estandar-red-en-punta-arenas-con-la-llegada-de-70-nuevos-buses","status":"publish","type":"post","link":"https:\/\/www.radiopresidenteibanez.cl\/web\/mtt-implementa-estandar-red-en-punta-arenas-con-la-llegada-de-70-nuevos-buses\/","title":{"rendered":"MTT IMPLEMENTA EST\u00c1NDAR RED EN PUNTA ARENAS CON LA LLEGADA DE 70 NUEVOS BUSES"},"content":{"rendered":"\n<p>A las 6:30 hrs. de esta ma\u00f1ana debut\u00f3 el primer recorrido del\nnuevo operador de transporte p\u00fablico de Punta Arenas, transformando a la\ncapital de la Regi\u00f3n de Magallanes en la primera ciudad del pa\u00eds \u2013despu\u00e9s de\nSantiago- en contar con est\u00e1ndar Red en su flota compuesta por 70 nuevos buses.<\/p>\n\n\n\n<p>La\npuesta en marcha estuvo encabezada por el Subsecretario de Transportes, Jos\u00e9\nLuis Dom\u00ednguez; la Intendenta de Magallanes, Jennifer Rojas; el Alcalde de\nPunta Arenas, Claudio Radonich y el seremi de la cartera, Marco Mella.<\/p>\n\n\n\n<p>En\nla oportunidad, la autoridad nacional del MTT se\u00f1al\u00f3 que \u201cla nueva flota se\ntraducir\u00e1 en mejoras de la calidad de vida de todos los habitantes de Punta\nArenas, prestando un servicio acorde a las condiciones clim\u00e1ticas de la ciudad.\nLos buses son m\u00e1s c\u00f3modos, con accesibilidad universal, calefacci\u00f3n, cargadores\nUSB, Wifi y c\u00e1maras de seguridad\u201d.<\/p>\n\n\n\n<p>Dom\u00ednguez\na\u00f1adi\u00f3 que \u201ctodos estos cambios contemplan la continuidad del subsidio del\nMinisterio de Transportes y Telecomunicaciones, por lo que los servicios\nmantendr\u00e1n su tarifa, es decir, $330 para adultos, $170 para adultos mayores y\n$110 para escolares\u201d.<\/p>\n\n\n\n<p>La\nIntendenta de Magallanes, Jennifer Rojas, destac\u00f3 que el nuevo est\u00e1ndar es\n\u201cacorde a las necesidades de los magall\u00e1nicos: A bordo del bus tenemos\ncalefacci\u00f3n, la rampla para que puedan ingresar personas con discapacidad y\ncondiciones para los adultos mayores. Es un orgullo que el gobierno del\nPresidente Pi\u00f1era se haya hecho cargo de entregar una soluci\u00f3n para los\npuntarenenses\u201d.<\/p>\n\n\n\n<p>Por\nsu parte, el seremi Marco Mella se\u00f1al\u00f3 que \u201csin duda es un salto cualitativo en\nmateria de transporte p\u00fablico a la altura de lo que se merece nuestra\ncomunidad\u201d. Hizo un llamado a los usuarios \u201ca cuidar nuestras micros, que\nfinalmente son de todos los ciudadanos\u201d.<\/p>\n\n\n\n<p>Los\nnuevos buses, que llegaron a Chile provenientes de Brasil, son modelo Volare Access, Low Entry\nEuro V, tienen 9 metros de largo, capacidad para 23 pasajeros m\u00e1s espacio para\npersonas con discapacidad.<\/p>\n\n\n\n<p>Adem\u00e1s cuentan con sistema de calefacci\u00f3n, botoneras de\nparadas, cargadores USB, iluminaci\u00f3n LED, Wifi y c\u00e1maras de seguridad.<\/p>\n","protected":false},"excerpt":{"rendered":"<p>A las 6:30 hrs. de esta ma\u00f1ana debut\u00f3 el primer recorrido del nuevo operador de transporte p\u00fablico de Punta Arenas, transformando a la capital de la Regi\u00f3n de Magallanes en&#8230; <a class=\"read-more\" href=\"https:\/\/www.radiopresidenteibanez.cl\/web\/mtt-implementa-estandar-red-en-punta-arenas-con-la-llegada-de-70-nuevos-buses\/\">Leer m\u00e1s<\/a><\/p>\n","protected":false},"author":2,"featured_media":15027,"comment_status":"closed","ping_status":"closed","sticky":false,"template":"","format":"standard","meta":{"footnotes":""},"categories":[1],"tags":[],"class_list":["post-15026","post","type-post","status-publish","format-standard","has-post-thumbnail","hentry","category-cronica"],"_links":{"self":[{"href":"https:\/\/www.radiopresidenteibanez.cl\/web\/wp-json\/wp\/v2\/posts\/15026","targetHints":{"allow":["GET"]}}],"collection":[{"href":"https:\/\/www.radiopresidenteibanez.cl\/web\/wp-json\/wp\/v2\/posts"}],"about":[{"href":"https:\/\/www.radiopresidenteibanez.cl\/web\/wp-json\/wp\/v2\/types\/post"}],"author":[{"embeddable":true,"href":"https:\/\/www.radiopresidenteibanez.cl\/web\/wp-json\/wp\/v2\/users\/2"}],"replies":[{"embeddable":true,"href":"https:\/\/www.radiopresidenteibanez.cl\/web\/wp-json\/wp\/v2\/comments?post=15026"}],"version-history":[{"count":0,"href":"https:\/\/www.radiopresidenteibanez.cl\/web\/wp-json\/wp\/v2\/posts\/15026\/revisions"}],"wp:featuredmedia":[{"embeddable":true,"href":"https:\/\/www.radiopresidenteibanez.cl\/web\/wp-json\/wp\/v2\/media\/15027"}],"wp:attachment":[{"href":"https:\/\/www.radiopresidenteibanez.cl\/web\/wp-json\/wp\/v2\/media?parent=15026"}],"wp:term":[{"taxonomy":"category","embeddable":true,"href":"https:\/\/www.radiopresidenteibanez.cl\/web\/wp-json\/wp\/v2\/categories?post=15026"},{"taxonomy":"post_tag","embeddable":true,"href":"https:\/\/www.radiopresidenteibanez.cl\/web\/wp-json\/wp\/v2\/tags?post=15026"}],"curies":[{"name":"wp","href":"https:\/\/api.w.org\/{rel}","templated":true}]}}