{"id":15023,"date":"2020-10-01T01:21:50","date_gmt":"2020-10-01T01:21:50","guid":{"rendered":"https:\/\/www.radiopresidenteibanez.cl\/web\/?p=15023"},"modified":"2020-10-01T01:21:55","modified_gmt":"2020-10-01T01:21:55","slug":"geriatra-lobos-por-cuidado-de-mayores-ellos-nos-necesitan-es-hora-de-devolverles-la-mano","status":"publish","type":"post","link":"https:\/\/www.radiopresidenteibanez.cl\/web\/geriatra-lobos-por-cuidado-de-mayores-ellos-nos-necesitan-es-hora-de-devolverles-la-mano\/","title":{"rendered":"GERIATRA LOBOS POR CUIDADO DE MAYORES: \u201cELLOS NOS NECESITAN, ES HORA DE DEVOLVERLES LA MANO\u201d"},"content":{"rendered":"\n<p>\u201cA\u00fan es tiempo de salvar a nuestros mayores\u201d, indic\u00f3 con\npreocupaci\u00f3n el m\u00e9dico geriatra, Ram\u00f3n Lobos V\u00e1squez, ante las altas cifras de\ncontagio y deterioro que existen producto del Covid-19 y que han afectado en\ngran medida a las personas de este grupo etario.<\/p>\n\n\n\n<p>\u201cEn este escenario en que estamos hoy, a fines del mes de\nseptiembre, con tan altas tasas de contagio, todav\u00eda hay tiempo y oportunidad\npara que el resto de las personas cuiden a sus mayores. Va a empezar octubre,\nel mes de las personas mayores, y ellos tienen que estar en el foco de todas\nlas pol\u00edticas p\u00fablicas, pero tambi\u00e9n del cuidado de la familia\u201d, indic\u00f3 el\nespecialista.<\/p>\n\n\n\n<p>Lobos agreg\u00f3 que este cuidado debe estar basado en la\ndistancia f\u00edsica sin dejar de estar presentes. \u201cEso significa, a\u00fan en casa,\nmantener la distancia f\u00edsica de los adultos mayores, ojal\u00e1 no comer en los\nmismos horarios que comen ellos, para que no haya este intercambio de fluidos\nque ocurre al estar comiendo. Tambi\u00e9n lavarse frecuentemente las manos y\naquellos que van a salir de casa, que tengan todo el protocolo previo y con\nposterioridad a la salida y en la sanitizaci\u00f3n de todos los implementos, utensilios\no alimentos que entran a la casa para el uso de ese adulto mayor\u201d, explic\u00f3.<\/p>\n\n\n\n<p>El m\u00e9dico se\u00f1al\u00f3 que, muchas veces por desconocimiento o\nexcesiva confianza, se produce el contagio a los adultos mayores, que por lo\ngeneral no est\u00e1n preparados para enfrentar la enfermedad. \u201cUna forma muy\nimportante que tienen todos a\u00fan de seguir ayudando a los adultos mayores es\nmantener este distanciamiento. Verlo a trav\u00e9s de la ventana, conversar, y estar\npresentes, pero no entrar en contacto. Todos los adultos mayores que han\nfallecido o que han estado gravemente enfermos, ha sido porque otra persona\nlleg\u00f3 a su entorno y esa persona no tom\u00f3 las precauciones. Entonces al d\u00eda de\nhoy, a punto de empezar el mes del adulto mayor, tengamos esa consideraci\u00f3n por\nlos adultos mayores y preocup\u00e9monos de ellos. Ellos nos necesitan, es hora de\ndevolverles la mano\u201d, concluy\u00f3.<\/p>\n","protected":false},"excerpt":{"rendered":"<p>\u201cA\u00fan es tiempo de salvar a nuestros mayores\u201d, indic\u00f3 con preocupaci\u00f3n el m\u00e9dico geriatra, Ram\u00f3n Lobos V\u00e1squez, ante las altas cifras de contagio y deterioro que existen producto del Covid-19&#8230; <a class=\"read-more\" href=\"https:\/\/www.radiopresidenteibanez.cl\/web\/geriatra-lobos-por-cuidado-de-mayores-ellos-nos-necesitan-es-hora-de-devolverles-la-mano\/\">Leer m\u00e1s<\/a><\/p>\n","protected":false},"author":2,"featured_media":13610,"comment_status":"closed","ping_status":"closed","sticky":false,"template":"","format":"standard","meta":{"footnotes":""},"categories":[1],"tags":[],"class_list":["post-15023","post","type-post","status-publish","format-standard","has-post-thumbnail","hentry","category-cronica"],"_links":{"self":[{"href":"https:\/\/www.radiopresidenteibanez.cl\/web\/wp-json\/wp\/v2\/posts\/15023","targetHints":{"allow":["GET"]}}],"collection":[{"href":"https:\/\/www.radiopresidenteibanez.cl\/web\/wp-json\/wp\/v2\/posts"}],"about":[{"href":"https:\/\/www.radiopresidenteibanez.cl\/web\/wp-json\/wp\/v2\/types\/post"}],"author":[{"embeddable":true,"href":"https:\/\/www.radiopresidenteibanez.cl\/web\/wp-json\/wp\/v2\/users\/2"}],"replies":[{"embeddable":true,"href":"https:\/\/www.radiopresidenteibanez.cl\/web\/wp-json\/wp\/v2\/comments?post=15023"}],"version-history":[{"count":0,"href":"https:\/\/www.radiopresidenteibanez.cl\/web\/wp-json\/wp\/v2\/posts\/15023\/revisions"}],"wp:featuredmedia":[{"embeddable":true,"href":"https:\/\/www.radiopresidenteibanez.cl\/web\/wp-json\/wp\/v2\/media\/13610"}],"wp:attachment":[{"href":"https:\/\/www.radiopresidenteibanez.cl\/web\/wp-json\/wp\/v2\/media?parent=15023"}],"wp:term":[{"taxonomy":"category","embeddable":true,"href":"https:\/\/www.radiopresidenteibanez.cl\/web\/wp-json\/wp\/v2\/categories?post=15023"},{"taxonomy":"post_tag","embeddable":true,"href":"https:\/\/www.radiopresidenteibanez.cl\/web\/wp-json\/wp\/v2\/tags?post=15023"}],"curies":[{"name":"wp","href":"https:\/\/api.w.org\/{rel}","templated":true}]}}