{"id":15020,"date":"2020-10-01T01:19:48","date_gmt":"2020-10-01T01:19:48","guid":{"rendered":"https:\/\/www.radiopresidenteibanez.cl\/web\/?p=15020"},"modified":"2020-10-01T01:19:54","modified_gmt":"2020-10-01T01:19:54","slug":"equipo-municipal-de-testeo-continua-realizando-busqueda-activa-de-casos-en-barrios-de-punta-arenas","status":"publish","type":"post","link":"https:\/\/www.radiopresidenteibanez.cl\/web\/equipo-municipal-de-testeo-continua-realizando-busqueda-activa-de-casos-en-barrios-de-punta-arenas\/","title":{"rendered":"EQUIPO MUNICIPAL DE TESTEO CONTIN\u00daA REALIZANDO B\u00daSQUEDA ACTIVA DE CASOS EN BARRIOS DE PUNTA ARENAS"},"content":{"rendered":"\n<p>Durante esta jornada, el equipo de Testeo, Trazabilidad y Aislamiento de la Municipalidad de Punta Arenas, se traslad\u00f3 hasta el sector de Jard\u00edn de la Patagonia y Gobernador Phillipi, para continuar con su trabajo de B\u00fasqueda Activa de Casos positivos en la ciudadan\u00eda.<\/p>\n\n\n\n<p>En la ocasi\u00f3n se realizaron 54 ex\u00e1menes en la cl\u00ednica m\u00f3vil dispuesta especialmente para ello, lo cual, pese a las bajas temperaturas, fue valorado por los vecinos del sector.<\/p>\n\n\n\n<p>\u201cEs muy bueno que vengan hasta ac\u00e1, para hacerse el examen y no tener que salir y exponerse innecesariamente. A m\u00ed me avisaron desde la Junta de Vecinos y me vine al tiro\u201d, dijo Flor Alvarado.<\/p>\n\n\n\n<p>En el mismo tono, Paulina L\u00f3pez se acerc\u00f3 hasta la Cl\u00ednica M\u00f3vil de la CORMUPA, para poder concretar la realizaci\u00f3n del examen PCR, ya que seg\u00fan explic\u00f3 \u201cuno evita ir a los hospitales por la congesti\u00f3n, debido al temor de contagiarse, as\u00ed que me parece una buena opci\u00f3n. Yo me quedo en casa para cuidarme y cuidar a mi familia, ahora igual entiendo a las personas que deben salir por diversas razones, pero si est\u00e1 la posibilidad de quedarse en casa, traten de hacerlo y tomar conciencia\u201d.<\/p>\n\n\n\n<p>En ese sentido, Mar\u00eda Fernanda Aguilar, kinesi\u00f3loga y parte del equipo TTA de la Municipalidad de Punta Arenas, a\u00f1adi\u00f3 que \u201cestamos realizando una B\u00fasqueda Activa de Casos, por lo que realizamos un recorrido Puerta a Puerta, invitando a los vecinos para que se acerquen a nuestra Cl\u00ednica M\u00f3vil y as\u00ed poder tomar el examen PCR de manera voluntaria y gratuita, lo cual no demora m\u00e1s de cinco minutos.<\/p>\n\n\n\n<p>Por su parte, el Alcalde Claudio Radonich, quien particip\u00f3 del operativo reiter\u00f3 que \u201clo hemos dicho desde hace muchas semanas\u2026 Nuestro compromiso es justamente, hacer testeos directamente en los Barrios y totalmente gratis. Hoy estamos en el sector de Jard\u00edn de la Patagonia y Gobernador Philippi para realizar B\u00fasqueda Activa de Casos Covid\u201d.<\/p>\n\n\n\n<p>Finalmente, la autoridad comunal argument\u00f3 que \u201cuna medida fundamental es aumentar los Testeos y aislar a las personas asintom\u00e1ticas, para poder ir bajando de a poco los contagios, pasando por un cambio de estrategia regional. Nosotros como Municipalidad continuamos con nuestro compromiso de realizar ex\u00e1menes en los Barrios y en nuestros CESFAM, con el fin de bajar los indicadores actuales\u201d.<\/p>\n","protected":false},"excerpt":{"rendered":"<p>Durante esta jornada, el equipo de Testeo, Trazabilidad y Aislamiento de la Municipalidad de Punta Arenas, se traslad\u00f3 hasta el sector de Jard\u00edn de la Patagonia y Gobernador Phillipi, para&#8230; <a class=\"read-more\" href=\"https:\/\/www.radiopresidenteibanez.cl\/web\/equipo-municipal-de-testeo-continua-realizando-busqueda-activa-de-casos-en-barrios-de-punta-arenas\/\">Leer m\u00e1s<\/a><\/p>\n","protected":false},"author":2,"featured_media":15021,"comment_status":"closed","ping_status":"closed","sticky":false,"template":"","format":"standard","meta":{"footnotes":""},"categories":[1],"tags":[],"class_list":["post-15020","post","type-post","status-publish","format-standard","has-post-thumbnail","hentry","category-cronica"],"_links":{"self":[{"href":"https:\/\/www.radiopresidenteibanez.cl\/web\/wp-json\/wp\/v2\/posts\/15020","targetHints":{"allow":["GET"]}}],"collection":[{"href":"https:\/\/www.radiopresidenteibanez.cl\/web\/wp-json\/wp\/v2\/posts"}],"about":[{"href":"https:\/\/www.radiopresidenteibanez.cl\/web\/wp-json\/wp\/v2\/types\/post"}],"author":[{"embeddable":true,"href":"https:\/\/www.radiopresidenteibanez.cl\/web\/wp-json\/wp\/v2\/users\/2"}],"replies":[{"embeddable":true,"href":"https:\/\/www.radiopresidenteibanez.cl\/web\/wp-json\/wp\/v2\/comments?post=15020"}],"version-history":[{"count":0,"href":"https:\/\/www.radiopresidenteibanez.cl\/web\/wp-json\/wp\/v2\/posts\/15020\/revisions"}],"wp:featuredmedia":[{"embeddable":true,"href":"https:\/\/www.radiopresidenteibanez.cl\/web\/wp-json\/wp\/v2\/media\/15021"}],"wp:attachment":[{"href":"https:\/\/www.radiopresidenteibanez.cl\/web\/wp-json\/wp\/v2\/media?parent=15020"}],"wp:term":[{"taxonomy":"category","embeddable":true,"href":"https:\/\/www.radiopresidenteibanez.cl\/web\/wp-json\/wp\/v2\/categories?post=15020"},{"taxonomy":"post_tag","embeddable":true,"href":"https:\/\/www.radiopresidenteibanez.cl\/web\/wp-json\/wp\/v2\/tags?post=15020"}],"curies":[{"name":"wp","href":"https:\/\/api.w.org\/{rel}","templated":true}]}}