{"id":15015,"date":"2020-10-01T01:14:57","date_gmt":"2020-10-01T01:14:57","guid":{"rendered":"https:\/\/www.radiopresidenteibanez.cl\/web\/?p=15015"},"modified":"2020-10-01T01:15:03","modified_gmt":"2020-10-01T01:15:03","slug":"minvu-comienza-a-erradicar-el-campamento-lautaro-de-punta-arenas-tras-anunciar-que-36-familias-se-uniran-a-proyecto-habitacional","status":"publish","type":"post","link":"https:\/\/www.radiopresidenteibanez.cl\/web\/minvu-comienza-a-erradicar-el-campamento-lautaro-de-punta-arenas-tras-anunciar-que-36-familias-se-uniran-a-proyecto-habitacional\/","title":{"rendered":"MINVU COMIENZA A ERRADICAR EL CAMPAMENTO LAUTARO DE PUNTA ARENAS TRAS ANUNCIAR QUE 36 FAMILIAS SE UNIR\u00c1N A PROYECTO HABITACIONAL"},"content":{"rendered":"\n<p>\u201cSomos el primer gobierno, el Gobierno del Presidente Sebasti\u00e1n Pi\u00f1era, que se hace cargo de esta problem\u00e1tica\u201d. Con esas declaraciones, la intendenta regional,&nbsp;<strong>Jennifer Rojas<\/strong>, acompa\u00f1ada por el alcalde de Punta Arenas,&nbsp;<strong>Claudio Radonich<\/strong>; los seremis de: Gobierno,&nbsp;<strong>Alejandra Mu\u00f1oz<\/strong>; de Vivienda y Urbanismo,&nbsp;<strong>Jos\u00e9 Miguel Horcos<\/strong>&nbsp;y el director regional del Serviu,&nbsp;<strong>Dubalio P\u00e9rez<\/strong>, le dieron una noticia inesperada a 36 familias del campamento Lautaro de Punta Arenas, los cuales resultaron seleccionados para el futuro proyecto habitacional Monte Tarn en el sector sur de la capital regional.<\/p>\n\n\n\n<p>El Ministerio de Vivienda y Urbanismo aprob\u00f3 la selecci\u00f3n del proyecto habitacional Monte Tarn de 120 departamentos (FSEV DS49) al sur de Punta Arenas, en el marco del proceso de selecci\u00f3n en condiciones especiales, de postulaci\u00f3n colectiva para proyectos en nuevos terrenos, integrados por personas del programa de Asentamientos Precarios. El monto asignado para la ejecuci\u00f3n del proyecto es de 168.146 UF ($4.792.000.000 aproximadamente).<\/p>\n\n\n\n<p>\u201cEs una tremenda noticia para los habitantes de nuestra regi\u00f3n, especialmente para quienes viven en condiciones de asentamiento bastante precario. Ya lo dijo hace un a\u00f1o y medio atr\u00e1s en su visita el subsecretario del Minvu Guillermo Rolando que ten\u00edamos que acabar con los campamentos en nuestro pa\u00eds y qu\u00e9 mejor muestra es lo que est\u00e1 sucediendo en Punta Arenas\u201d, destac\u00f3 la primera autoridad regional,&nbsp;<strong>Jennifer Rojas<\/strong>.<\/p>\n\n\n\n<p>En tanto, el&nbsp;<strong>ministro de Vivienda y Urbanismo, Felipe Ward<\/strong>, se contact\u00f3 por videollamada con los beneficiarios y les se\u00f1al\u00f3 que: \u201cEl hecho de terminar con los campamentos es algo tremendamente importante, nos pone contentos a nosotros en el nivel central esta noticia, m\u00e1s sabiendo que lo han pasado mal y que esto es muy necesario. Ojal\u00e1 nos podamos encontrar en la Regi\u00f3n de Magallanes para que vayamos a entregar buenas noticias. Estoy feliz firmar esta resoluci\u00f3n que da inicio a este proyecto Monte Tarn, as\u00ed que cumpliendo con el Presidente Pi\u00f1era, estaremos prontamente en Magallanes\u201d.<\/p>\n\n\n\n<p>En la misma l\u00ednea, el proyecto Monte Tarn cuenta con 104 familias postuladas, de las cuales 36 pertenecen al campamento Lautaro de Punta Arenas, \u00fanico calificado en la regi\u00f3n como Asentamiento Precario. Para el seremi de Vivienda y Urbanismo,&nbsp;<strong>Jos\u00e9 Miguel Horcos<\/strong>, esta noticia es muy importante, puesto que \u201ces un hito que marcamos como gobierno, nosotros nos comprometimos a darle soluciones a las familias de campamentos; ellos tuvieron gran esfuerzo para juntar el ahorro necesario y hoy estamos entregando la resoluci\u00f3n que les indica que ser\u00e1n propietarios en un futuro no muy lejano\u201d.<\/p>\n\n\n\n<p>Las familias beneficiarias del Campamento Lautaro figuran en el Catastro de Asentamiento Precarios del Minvu, y para postular, deb\u00edan cumplir con los requisitos de postulaci\u00f3n del llamado. Entre otros contar con RSH, n\u00facleo familiar, ahorro m\u00ednimo de 10 UF y adultos mayores fueron considerados desde los 50 a\u00f1os.<\/p>\n\n\n\n<p><em>El futuro habitacional<\/em><\/p>\n\n\n\n<p>El Proyecto Habitacional Monte Tarn se emplazar en terrenos de propiedad de Serviu ubicados en el sector sur de la ciudad, atr\u00e1s de la poblaci\u00f3n Archipi\u00e9lago de Chilo\u00e9, sector en el que se han ejecutado obras de urbanizaci\u00f3n, tenientes a albergar el crecimiento de la ciudad. Como ejemplo, la prolongaci\u00f3n de calle Manuel Rodr\u00edguez.<\/p>\n\n\n\n<p>Para el director regional del Serviu,&nbsp;<strong>Dubalio P\u00e9rez<\/strong>, quien estuvo liderando el proceso de las familias junto a la unidad de Campamentos de la entidad ministerial, afirm\u00f3 que \u201cestas 36 familias cumplieron con todos los requisitos, con el ahorro m\u00ednimo, con el Registro Social de Hogares, como cualquier familia que postula a nuestros programas habitacionales. Ahora se va a comenzar con un proceso de erradicaci\u00f3n del campamento Lautaro, al ser aprobados los recursos para desarrollar el proyecto Monte Tarn\u201d.<\/p>\n\n\n\n<p>Cabe resaltar, que en el&nbsp;catastro del Programa de Asentamiento Precarios del Minvu hay 54 personas, de estos, 36 han cumplido con todos los requisitos para postular. \u201cHay que ver caso a caso a las otras personas, que le faltan algunos antecedentes, a otros les falta el ahorro y tratar de apoyar cada caso para poderlos incorporar en proyectos futuros\u201d, concluy\u00f3 el director del Serviu.<\/p>\n\n\n\n<p>Una de las beneficiarias, Jessica Casanova, dijo emocionada que \u201cllevo 5 inviernos en el campamento, ahora vivo con mi hijo peque\u00f1o y mi pareja, pero antes qued\u00e9 viuda, hab\u00eda estado en un grupo para postular a vivienda, as\u00ed que siempre tuve mi ahorro. Ahora que nos avisaron que va a salir el proyecto, estoy contenta, porque eso quiere decir que tenemos un pie y medio avanzado, ahora a esperar, sabemos que es a largo plazo, pero ya es algo m\u00e1s concreto, as\u00ed que estoy agradecida, mientras, a seguir luch\u00e1ndola ac\u00e1\u201d.<\/p>\n\n\n\n<p>Finalmente, el proyecto habitacional considera la construcci\u00f3n de 120 departamentos de 61 y 54 m2, de tres dormitorios, ba\u00f1o, cocina y estar comedor. Los 6 edificios que componen el condominio est\u00e1n rodeados de \u00e1reas verdes y sectores de juegos y ejercicios.<\/p>\n","protected":false},"excerpt":{"rendered":"<p>\u201cSomos el primer gobierno, el Gobierno del Presidente Sebasti\u00e1n Pi\u00f1era, que se hace cargo de esta problem\u00e1tica\u201d. Con esas declaraciones, la intendenta regional,&nbsp;Jennifer Rojas, acompa\u00f1ada por el alcalde de Punta&#8230; <a class=\"read-more\" href=\"https:\/\/www.radiopresidenteibanez.cl\/web\/minvu-comienza-a-erradicar-el-campamento-lautaro-de-punta-arenas-tras-anunciar-que-36-familias-se-uniran-a-proyecto-habitacional\/\">Leer m\u00e1s<\/a><\/p>\n","protected":false},"author":2,"featured_media":15016,"comment_status":"closed","ping_status":"closed","sticky":false,"template":"","format":"standard","meta":{"footnotes":""},"categories":[1],"tags":[],"class_list":["post-15015","post","type-post","status-publish","format-standard","has-post-thumbnail","hentry","category-cronica"],"_links":{"self":[{"href":"https:\/\/www.radiopresidenteibanez.cl\/web\/wp-json\/wp\/v2\/posts\/15015","targetHints":{"allow":["GET"]}}],"collection":[{"href":"https:\/\/www.radiopresidenteibanez.cl\/web\/wp-json\/wp\/v2\/posts"}],"about":[{"href":"https:\/\/www.radiopresidenteibanez.cl\/web\/wp-json\/wp\/v2\/types\/post"}],"author":[{"embeddable":true,"href":"https:\/\/www.radiopresidenteibanez.cl\/web\/wp-json\/wp\/v2\/users\/2"}],"replies":[{"embeddable":true,"href":"https:\/\/www.radiopresidenteibanez.cl\/web\/wp-json\/wp\/v2\/comments?post=15015"}],"version-history":[{"count":0,"href":"https:\/\/www.radiopresidenteibanez.cl\/web\/wp-json\/wp\/v2\/posts\/15015\/revisions"}],"wp:featuredmedia":[{"embeddable":true,"href":"https:\/\/www.radiopresidenteibanez.cl\/web\/wp-json\/wp\/v2\/media\/15016"}],"wp:attachment":[{"href":"https:\/\/www.radiopresidenteibanez.cl\/web\/wp-json\/wp\/v2\/media?parent=15015"}],"wp:term":[{"taxonomy":"category","embeddable":true,"href":"https:\/\/www.radiopresidenteibanez.cl\/web\/wp-json\/wp\/v2\/categories?post=15015"},{"taxonomy":"post_tag","embeddable":true,"href":"https:\/\/www.radiopresidenteibanez.cl\/web\/wp-json\/wp\/v2\/tags?post=15015"}],"curies":[{"name":"wp","href":"https:\/\/api.w.org\/{rel}","templated":true}]}}