{"id":15011,"date":"2020-09-30T12:38:51","date_gmt":"2020-09-30T12:38:51","guid":{"rendered":"https:\/\/www.radiopresidenteibanez.cl\/web\/?p=15011"},"modified":"2020-09-30T12:38:55","modified_gmt":"2020-09-30T12:38:55","slug":"que-la-estrategia-sea-nuestra-estrategia-por-oscar-vargas-zec","status":"publish","type":"post","link":"https:\/\/www.radiopresidenteibanez.cl\/web\/que-la-estrategia-sea-nuestra-estrategia-por-oscar-vargas-zec\/","title":{"rendered":"QUE LA ESTRATEGIA SEA NUESTRA ESTRATEGIA por Oscar Vargas Zec"},"content":{"rendered":"\n<p>La cuarentena ha fracasado.<\/p>\n\n\n\n<p>Raro resulta iniciar una opini\u00f3n con una\nafirmaci\u00f3n tajante, pero lo cierto es que en el caso de Magallanes los\nmecanismos usados para controlar la expansi\u00f3n del SARS-COV2 no han mostrado\nutilidad alguna para frenar esta segunda ola que nos afecta.<\/p>\n\n\n\n<p>Hay que buscar mecanismos que permitan\nefectivamente disminuir los contagios por COVID, de los ya probados, la\ncuarentena ha demostrado que despu\u00e9s del primer desconfinamiento, la actividad\ny movilidad se han mantenido relativamente altas y no han evitado el traslado\npor lo que consecuentemente las personas han sido vector comunitario&nbsp; para la infecci\u00f3n.<\/p>\n\n\n\n<p>Ello solo muestra que confinamientos\nprolongados cansan y tienden a incentivar el no respeto de este adem\u00e1s de\ndisminuir la percepci\u00f3n de riesgo y generar una alta incertidumbre laboral.<\/p>\n\n\n\n<p>Ante esto deben hacerse esfuerzos\nsignificativos por buscar estrategias que permitan combatir la alt\u00edsima tasa de\ncontagios que afecta a la regi\u00f3n, esto solo es posible con voluntad de abrirse\na nuevas f\u00f3rmulas y trabajar en conjunto todos los sectores para que estas\nnuevas medidas se sientan como un todo \u201cnuestro\u201d y no uno impuesto.<\/p>\n\n\n\n<p>Dentro de lo no realizado, sin duda la\ncomunicaci\u00f3n de riesgo ha de ser una de las tareas a enfrentar, la ya\nmencionada perdida de percepci\u00f3n de riesgo solo se combate con campa\u00f1as\ncomunicacionales y comunitarias que reflejen en la poblaci\u00f3n la gravedad de la\ncrisis que enfrentamos y releven los riesgos asociados, durante septiembre han\nfallecido tres personas cada dos d\u00edas y ello no parece ser tema en la opini\u00f3n p\u00fablica,\nen donde la sensaci\u00f3n de una segunda ola m\u00e1s \u201cbenigna\u201d ha normalizado la\ninfecci\u00f3n y muerte de magall\u00e1nicos.<\/p>\n\n\n\n<p>De existir la capacidad, debe aumentarse la\ncapacidad de testeo, ello es clave en la identificaci\u00f3n de los casos positivos,\nla OMS recomienda de ser posible 10 ex\u00e1menes por caso detectado y nuestra\nrealidad, siendo de las m\u00e1s altas del pa\u00eds, llega a cuatro. Esto va aparejado\ncon una capacidad de ubicar y detectar contactos que sigue siendo bastante\ndeficiente.<\/p>\n\n\n\n<p>En este punto es conveniente detenerse un\nminuto a clarificar que tanto el testeo como cualquier acci\u00f3n que se pretenda\nimplementar debe evitar el populismo epidemiol\u00f3gico, entendido este como la\nadopci\u00f3n de medidas que parecen posibles, popularmente aceptadas y\ncomunicacionalmente golpeadoras, pero que no tienen mayor impacto en la\ncontenci\u00f3n de la pandemia.<\/p>\n\n\n\n<p>Pretender evitar la entrada de infectados\ntomando temperatura en los aeropuertos, test masivos en lugares de trabajo o de\nacceso p\u00fablico, sin un fin definido o un plan de acci\u00f3n, interpretaciones\nalarmistas o sesgadas de la situaci\u00f3n son ejemplos populistas que en nada\ncontribuyen a un control real.<\/p>\n\n\n\n<p>Volviendo a las acciones posibles, sin duda lo\nque no se ha asumido es el trabajo colaborativo, las mesas de trabajo\nintersectoriales, con el aporte de instancias de la sociedad, ello sin duda\nenriquece el trabajo y permite elaborar estrategias conjuntas que incorporan a\nla comunidad aumentando su adherencia a las medidas. No resulta menor este\ntrabajo conjunto, cuando cada d\u00eda m\u00e1s personas, tanto en redes sociales como en\nmedios de comunicaci\u00f3n, comienzan a validar conceptos como inmunidad de reba\u00f1o\no selecci\u00f3n natural.<\/p>\n\n\n\n<p>Sin duda la necesidad de las personas hace\ninevitable la creciente rebeld\u00eda a los confinamientos, sin embargo, el estado\ndebe garantizar que las medidas a adoptar aseguren un acceso equitativo y\nseguro tanto a salud como a fuentes de ingreso.<\/p>\n\n\n\n<p>Dif\u00edcil encrucijada la que se vive en Magallanes,\npero en la medida que logremos apelar a responsabilidades individuales,\nasumidas con informaci\u00f3n y voluntad por las personas, a responsabilidades sociales,\nadoptadas en conjunto y a responsabilidades estatales, definidas con\ninformaci\u00f3n precisa y escuchando a todos los sectores, seremos capaces de\nvencer esta prueba que hoy atravesamos.<\/p>\n","protected":false},"excerpt":{"rendered":"<p>La cuarentena ha fracasado. Raro resulta iniciar una opini\u00f3n con una afirmaci\u00f3n tajante, pero lo cierto es que en el caso de Magallanes los mecanismos usados para controlar la expansi\u00f3n&#8230; <a class=\"read-more\" href=\"https:\/\/www.radiopresidenteibanez.cl\/web\/que-la-estrategia-sea-nuestra-estrategia-por-oscar-vargas-zec\/\">Leer m\u00e1s<\/a><\/p>\n","protected":false},"author":2,"featured_media":14853,"comment_status":"closed","ping_status":"closed","sticky":false,"template":"","format":"standard","meta":{"footnotes":""},"categories":[1],"tags":[],"class_list":["post-15011","post","type-post","status-publish","format-standard","has-post-thumbnail","hentry","category-cronica"],"_links":{"self":[{"href":"https:\/\/www.radiopresidenteibanez.cl\/web\/wp-json\/wp\/v2\/posts\/15011","targetHints":{"allow":["GET"]}}],"collection":[{"href":"https:\/\/www.radiopresidenteibanez.cl\/web\/wp-json\/wp\/v2\/posts"}],"about":[{"href":"https:\/\/www.radiopresidenteibanez.cl\/web\/wp-json\/wp\/v2\/types\/post"}],"author":[{"embeddable":true,"href":"https:\/\/www.radiopresidenteibanez.cl\/web\/wp-json\/wp\/v2\/users\/2"}],"replies":[{"embeddable":true,"href":"https:\/\/www.radiopresidenteibanez.cl\/web\/wp-json\/wp\/v2\/comments?post=15011"}],"version-history":[{"count":0,"href":"https:\/\/www.radiopresidenteibanez.cl\/web\/wp-json\/wp\/v2\/posts\/15011\/revisions"}],"wp:featuredmedia":[{"embeddable":true,"href":"https:\/\/www.radiopresidenteibanez.cl\/web\/wp-json\/wp\/v2\/media\/14853"}],"wp:attachment":[{"href":"https:\/\/www.radiopresidenteibanez.cl\/web\/wp-json\/wp\/v2\/media?parent=15011"}],"wp:term":[{"taxonomy":"category","embeddable":true,"href":"https:\/\/www.radiopresidenteibanez.cl\/web\/wp-json\/wp\/v2\/categories?post=15011"},{"taxonomy":"post_tag","embeddable":true,"href":"https:\/\/www.radiopresidenteibanez.cl\/web\/wp-json\/wp\/v2\/tags?post=15011"}],"curies":[{"name":"wp","href":"https:\/\/api.w.org\/{rel}","templated":true}]}}