{"id":15009,"date":"2020-09-30T02:24:14","date_gmt":"2020-09-30T02:24:14","guid":{"rendered":"https:\/\/www.radiopresidenteibanez.cl\/web\/?p=15009"},"modified":"2020-09-30T02:24:19","modified_gmt":"2020-09-30T02:24:19","slug":"diputado-bianchi-presenta-proyecto-que-permite-el-pago-anticipado-de-las-rentas-vitalicias","status":"publish","type":"post","link":"https:\/\/www.radiopresidenteibanez.cl\/web\/diputado-bianchi-presenta-proyecto-que-permite-el-pago-anticipado-de-las-rentas-vitalicias\/","title":{"rendered":"DIPUTADO BIANCHI PRESENTA PROYECTO QUE PERMITE EL PAGO ANTICIPADO DE LAS RENTAS VITALICIAS"},"content":{"rendered":"\n<p>\u201cLas personas que optaron por\nel sistema de rentas vitalicias no pudieron hacer el retiro de sus fondos y\ntampoco reciben alg\u00fan beneficio del Estado. Debemos ir en ayuda de estos\npensionados que son los excluidos de todo tipo de ayuda que hoy lo est\u00e1n\npasando muy mal\u201d, se\u00f1al\u00f3 el parlamentario.<\/p>\n\n\n\n<p>El proyecto de reforma\nconstitucional contempla el pago adelantado desde diciembre de las rentas y\nser\u00e1 de m\u00e1ximo del 10% de los fondos originalmente traspasados desde sus\ncuentas de capitalizaci\u00f3n individual a la respectiva compa\u00f1\u00eda de seguros,\nestableciendo como monto m\u00e1ximo 150 UF ($4,3 millones aproximadamente) y de 35 UF\n($1 mill\u00f3n aproximadamente) como m\u00ednimo.<\/p>\n\n\n\n<p>En el caso de que el 10% sea\ninferior a 35 UF, se podr\u00e1 solicitar el pago por adelantado de sus rentas hasta\npor 35 UF y, el caso de que el monto originalmente\ntraspasado sea inferior a 35 UF, se podr\u00e1 solicitar el pago de la totalidad del\nmonto originalmente traspasado.<\/p>\n\n\n\n<p>El retiro ser\u00e1 voluntario y por\n\u00fanica vez, y su valor se descontar\u00e1 a prorrata de las rentas que resten por\npagar al pensionado, utilizando para dicho c\u00e1lculo las condiciones vigentes al\nmomento del traspaso de sus fondos previsionales a la compa\u00f1\u00eda de seguros\nrespectiva.<\/p>\n\n\n\n<p>Los montos retirados no pagar\u00e1n\nimpuestos ni comisiones, no constituir\u00e1n renta o remuneraci\u00f3n y ser\u00e1n pagados\nde forma \u00edntegra. Adem\u00e1s, el proyecto contempla la retenci\u00f3n judicial de los\nmontos de las personas que tienen deudas de pensiones alimenticias.<\/p>\n","protected":false},"excerpt":{"rendered":"<p>\u201cLas personas que optaron por el sistema de rentas vitalicias no pudieron hacer el retiro de sus fondos y tampoco reciben alg\u00fan beneficio del Estado. Debemos ir en ayuda de&#8230; <a class=\"read-more\" href=\"https:\/\/www.radiopresidenteibanez.cl\/web\/diputado-bianchi-presenta-proyecto-que-permite-el-pago-anticipado-de-las-rentas-vitalicias\/\">Leer m\u00e1s<\/a><\/p>\n","protected":false},"author":2,"featured_media":5567,"comment_status":"closed","ping_status":"closed","sticky":false,"template":"","format":"standard","meta":{"footnotes":""},"categories":[1],"tags":[],"class_list":["post-15009","post","type-post","status-publish","format-standard","has-post-thumbnail","hentry","category-cronica"],"_links":{"self":[{"href":"https:\/\/www.radiopresidenteibanez.cl\/web\/wp-json\/wp\/v2\/posts\/15009","targetHints":{"allow":["GET"]}}],"collection":[{"href":"https:\/\/www.radiopresidenteibanez.cl\/web\/wp-json\/wp\/v2\/posts"}],"about":[{"href":"https:\/\/www.radiopresidenteibanez.cl\/web\/wp-json\/wp\/v2\/types\/post"}],"author":[{"embeddable":true,"href":"https:\/\/www.radiopresidenteibanez.cl\/web\/wp-json\/wp\/v2\/users\/2"}],"replies":[{"embeddable":true,"href":"https:\/\/www.radiopresidenteibanez.cl\/web\/wp-json\/wp\/v2\/comments?post=15009"}],"version-history":[{"count":0,"href":"https:\/\/www.radiopresidenteibanez.cl\/web\/wp-json\/wp\/v2\/posts\/15009\/revisions"}],"wp:featuredmedia":[{"embeddable":true,"href":"https:\/\/www.radiopresidenteibanez.cl\/web\/wp-json\/wp\/v2\/media\/5567"}],"wp:attachment":[{"href":"https:\/\/www.radiopresidenteibanez.cl\/web\/wp-json\/wp\/v2\/media?parent=15009"}],"wp:term":[{"taxonomy":"category","embeddable":true,"href":"https:\/\/www.radiopresidenteibanez.cl\/web\/wp-json\/wp\/v2\/categories?post=15009"},{"taxonomy":"post_tag","embeddable":true,"href":"https:\/\/www.radiopresidenteibanez.cl\/web\/wp-json\/wp\/v2\/tags?post=15009"}],"curies":[{"name":"wp","href":"https:\/\/api.w.org\/{rel}","templated":true}]}}