{"id":15006,"date":"2020-09-30T02:22:48","date_gmt":"2020-09-30T02:22:48","guid":{"rendered":"https:\/\/www.radiopresidenteibanez.cl\/web\/?p=15006"},"modified":"2020-09-30T02:22:53","modified_gmt":"2020-09-30T02:22:53","slug":"presentan-convenio-bilateral-entre-chile-y-ee-uu-para-la-lucha-del-trafico-ilicito-de-patrimonio-arqueologico","status":"publish","type":"post","link":"https:\/\/www.radiopresidenteibanez.cl\/web\/presentan-convenio-bilateral-entre-chile-y-ee-uu-para-la-lucha-del-trafico-ilicito-de-patrimonio-arqueologico\/","title":{"rendered":"PRESENTAN CONVENIO BILATERAL ENTRE CHILE Y EE.UU. PARA LA LUCHA DEL TR\u00c1FICO IL\u00cdCITO DE PATRIMONIO ARQUEOL\u00d3GICO"},"content":{"rendered":"\n<p>El Ministerio de las Culturas, las Artes y el Patrimonio\njunto a la Canciller\u00eda y la Embajada de los Estados Unidos de Am\u00e9rica realizaron\nun encuentro en l\u00ednea para presentar y profundizar los alcances&nbsp; del nuevo convenio bilateral entre los\ngobiernos de Chile y EE.UU. para la lucha del tr\u00e1fico il\u00edcito de patrimonio\narqueol\u00f3gico. <\/p>\n\n\n\n<p>El instrumento, denominado \u201cMemor\u00e1ndum de Entendimiento\nrelativo a la imposici\u00f3n de restricciones a la importaci\u00f3n de ciertas\ncategor\u00edas de materiales arqueol\u00f3gicos de Chile\u201d fue suscrito a inicios de mayo\nde 2020 por el Gobierno de los Estados Unidos y el Gobierno de la Rep\u00fablica de\nChile y entra en vigor internacional ma\u00f1ana 30 de septiembre de 2020.<\/p>\n\n\n\n<p>\u201cEste convenio bilateral es un paso clave en el esfuerzo por\nresguardar el patrimonio cultural, que da forma e identidad a nuestro pa\u00eds y\nsus comunidades. Un patrimonio tan valioso como irremplazable, que es parte de\nnuestra memoria, nuestro pasado y que nos permite desde ese conocimiento,\nproyectarnos al futuro. Las medidas para prevenir y luchar contra el tr\u00e1fico\nil\u00edcito de bienes patrimoniales son a su vez acciones para resguardar las\nhistorias, los valores y tradiciones que estas piezas pueden relatarnos y con\nlas que construimos memoria\u201d, destac\u00f3 la Ministra de las Culturas, las Artes y\nel Patrimonio Consuelo Vald\u00e9s. <\/p>\n\n\n\n<p>El convenio bilateral establece un marco normativo para la\ncolaboraci\u00f3n conjunta entre ambos gobiernos a fin de coordinar acciones\ntransfronterizas para reducir los incentivos al robo, hurto o saqueo, y el\ntr\u00e1fico il\u00edcito del patrimonio arqueol\u00f3gico de origen chileno protegido por la\nley 17.288 de Monumentos Nacionales. Con el Memor\u00e1ndum se restringir\u00e1 la\nimportaci\u00f3n a los Estados Unidos de ciertos materiales arqueol\u00f3gicos que pueden\nincluir objetos de cer\u00e1mica, piedra, metal y tejidos org\u00e1nicos, cuyas fechas\nabarcan aproximadamente desde el 31.000 a.C. hasta hace 250 a\u00f1os que figuren en\nla lista que ser\u00e1 promulgada por los Estados Unidos (Lista de Designaci\u00f3n), a\nmenos que Chile emita una autorizaci\u00f3n o licencia de salida. Los Estados Unidos\nofrecer\u00e1 el retorno a Chile de cualquier material u objeto decomisado en este\nmarco. Adem\u00e1s, el acuerdo permitir\u00e1 generar oportunidades de colaboraci\u00f3n en\notros \u00e1mbitos de la protecci\u00f3n patrimonial.<\/p>\n\n\n\n<p>El Embajador Alex Geiger Soffia, Director para Am\u00e9rica del\nNorte, Centroam\u00e9rica y el Caribe del Ministerio de Relaciones Exteriores valor\u00f3\nel paso que significa este convenio en las relaciones bilaterales: \u201cCon la\npronta entrada en vigor internacional de este Memor\u00e1ndum de Entendimiento,\ndamos otro paso en nuestra relaci\u00f3n bilateral con los Estados Unidos mediante\nel debido y mayor resguardo de la riqueza arqueol\u00f3gica de Chile\u201d.<\/p>\n\n\n\n<p>En la misma l\u00ednea el Encargado de Negocios de la Embajada de\nEstados Unidos, Richard Glenn, sostuvo: \u201cEste acuerdo nos permite estrechar a\u00fan\nm\u00e1s nuestra amplia relaci\u00f3n bilateral, que se extiende a lo largo de muchos\na\u00f1os y que abarca diversos \u00e1mbitos del quehacer de nuestras naciones, pero\nsobre todo acerca a nuestros pueblos. Mediante este acuerdo, a partir de ahora\ntrabajaremos juntos de una manera m\u00e1s coordinada para prevenir que las redes\ncriminales extraigan de Chile sus artefactos arqueol\u00f3gicos, su valioso patrimonio\ny material ancestral\u201d.<\/p>\n\n\n\n<p>La actividad consider\u00f3 la participaci\u00f3n de representantes y\nexpertos en la materia de EE.UU; Chile y Guatemala. Allison Davis, Directora\nEjecutiva del Comit\u00e9 Asesor de Bienes Culturales en el Centro de Patrimonio\nCultural del Departamento de Estado de EE.UU expuso sobre las caracter\u00edsticas y\nalcances del Memor\u00e1ndum. Desde Chile, Lina Naguel, Coordinadora de la Unidad de\nLucha contra el Tr\u00e1fico Il\u00edcito de Bienes Patrimoniales del Servicio Nacional\ndel Patrimonio Cultural se refiri\u00f3 a los avances y desaf\u00edos del pa\u00eds en la\nmateria. Por su parte, el antrop\u00f3logo y representante de la Sociedad Chilena de\nArqueolog\u00eda ante el Consejo de Monumentos Nacionales profundiz\u00f3 sobre los tipos\nde bienes protegidos bajo este acuerdo. Finalmente se present\u00f3 experiencia\ncomparada de otros pa\u00edses que ya han implementado este convenio con EE.UU, a\ntrav\u00e9s del relato del representante del Ministerio de Cultura y Deportes de\nGuatemala, Eduardo Hern\u00e1ndez. <\/p>\n\n\n\n<p>El Memor\u00e1ndum de responsabilidad en Chile de los Ministerios\nde Relaciones Exteriores y del Ministerio de las Culturas, las Artes y el\nPatrimonio, se enmarca en los compromisos, obligaciones y cooperaci\u00f3n\nestablecida en la \u201cConvenci\u00f3n sobre las Medidas que deben Adoptarse para\nProhibir e Impedir la Importaci\u00f3n, la Exportaci\u00f3n y la Transferencia de\nPropiedad Il\u00edcitas de Bienes Culturales\u201d de la UNESCO de 1970, suscrita por\nChile en 2014. <\/p>\n\n\n\n<p>Luego de su entrada en vigor internacional -una vez cumplidos\ntodos los tr\u00e1mites que exige la Ley\u2013, quedar\u00e1 plenamente incorporado a nuestro\nordenamiento jur\u00eddico interno.<\/p>\n\n\n\n<p>Cabe mencionar que Chile ha celebrado acuerdos bilaterales en\nesta materia con otros pa\u00edses clave en esta compleja red como M\u00e9xico, Ecuador y\nChina. <\/p>\n\n\n\n<p>La actividad fue transmitida por el canal de YouTube del\nServicio Nacional del Patrimonio Cultural del Ministerio de las Culturas y\npuede revisarse en el siguiente link: <a href=\"https:\/\/youtu.be\/gceHvGuyVo0\">https:\/\/youtu.be\/gceHvGuyVo0<\/a>. <\/p>\n","protected":false},"excerpt":{"rendered":"<p>El Ministerio de las Culturas, las Artes y el Patrimonio junto a la Canciller\u00eda y la Embajada de los Estados Unidos de Am\u00e9rica realizaron un encuentro en l\u00ednea para presentar&#8230; <a class=\"read-more\" href=\"https:\/\/www.radiopresidenteibanez.cl\/web\/presentan-convenio-bilateral-entre-chile-y-ee-uu-para-la-lucha-del-trafico-ilicito-de-patrimonio-arqueologico\/\">Leer m\u00e1s<\/a><\/p>\n","protected":false},"author":2,"featured_media":15007,"comment_status":"closed","ping_status":"closed","sticky":false,"template":"","format":"standard","meta":{"footnotes":""},"categories":[1],"tags":[],"class_list":["post-15006","post","type-post","status-publish","format-standard","has-post-thumbnail","hentry","category-cronica"],"_links":{"self":[{"href":"https:\/\/www.radiopresidenteibanez.cl\/web\/wp-json\/wp\/v2\/posts\/15006","targetHints":{"allow":["GET"]}}],"collection":[{"href":"https:\/\/www.radiopresidenteibanez.cl\/web\/wp-json\/wp\/v2\/posts"}],"about":[{"href":"https:\/\/www.radiopresidenteibanez.cl\/web\/wp-json\/wp\/v2\/types\/post"}],"author":[{"embeddable":true,"href":"https:\/\/www.radiopresidenteibanez.cl\/web\/wp-json\/wp\/v2\/users\/2"}],"replies":[{"embeddable":true,"href":"https:\/\/www.radiopresidenteibanez.cl\/web\/wp-json\/wp\/v2\/comments?post=15006"}],"version-history":[{"count":0,"href":"https:\/\/www.radiopresidenteibanez.cl\/web\/wp-json\/wp\/v2\/posts\/15006\/revisions"}],"wp:featuredmedia":[{"embeddable":true,"href":"https:\/\/www.radiopresidenteibanez.cl\/web\/wp-json\/wp\/v2\/media\/15007"}],"wp:attachment":[{"href":"https:\/\/www.radiopresidenteibanez.cl\/web\/wp-json\/wp\/v2\/media?parent=15006"}],"wp:term":[{"taxonomy":"category","embeddable":true,"href":"https:\/\/www.radiopresidenteibanez.cl\/web\/wp-json\/wp\/v2\/categories?post=15006"},{"taxonomy":"post_tag","embeddable":true,"href":"https:\/\/www.radiopresidenteibanez.cl\/web\/wp-json\/wp\/v2\/tags?post=15006"}],"curies":[{"name":"wp","href":"https:\/\/api.w.org\/{rel}","templated":true}]}}