{"id":15004,"date":"2020-09-30T02:18:44","date_gmt":"2020-09-30T02:18:44","guid":{"rendered":"https:\/\/www.radiopresidenteibanez.cl\/web\/?p=15004"},"modified":"2020-09-30T02:18:49","modified_gmt":"2020-09-30T02:18:49","slug":"diputado-bianchi-presenta-proyecto-que-suspende-el-cobro-de-cuotas-de-los-creditos-sociales-otorgados-por-las-cajas-de-compensacion","status":"publish","type":"post","link":"https:\/\/www.radiopresidenteibanez.cl\/web\/diputado-bianchi-presenta-proyecto-que-suspende-el-cobro-de-cuotas-de-los-creditos-sociales-otorgados-por-las-cajas-de-compensacion\/","title":{"rendered":"DIPUTADO BIANCHI PRESENTA PROYECTO QUE SUSPENDE EL COBRO DE CUOTAS DE LOS CR\u00c9DITOS SOCIALES OTORGADOS POR LAS CAJAS DE COMPENSACI\u00d3N"},"content":{"rendered":"\n<p>\u201cDebemos darles un alivio a tantas personas que hoy se\nquedaron sin empleo o que la pandemia les ha afectado fuertemente en lo\necon\u00f3mico y que quedan excluidos de la suspensi\u00f3n de sus cr\u00e9ditos\u201d, mencion\u00f3 el\nparlamentario.<\/p>\n\n\n\n<p>El proyecto de reforma constitucional se\u00f1ala que \u201cse\nsuspender\u00e1, a solicitud del afiliado y hasta por el plazo de 6 meses, contados\na partir del 1 de abril de 2020, el cumplimiento de las obligaciones de pago de\ncuotas de los cr\u00e9ditos sociales otorgados por las cajas de compensaci\u00f3n de\nasignaci\u00f3n familiar\u201d.<\/p>\n\n\n\n<p>As\u00ed, el documento indica que el\nderecho que regula esta disposici\u00f3n transitoria podr\u00e1 ser ejercido por el\ndeudor dentro de los seis meses siguientes a la publicaci\u00f3n de esta reforma\nconstitucional y se suspender\u00e1 hasta por seis meses el cobro de las cuotas\npactadas, las que se deber\u00e1n pagar al final de la deuda en el mismo n\u00famero de\ncuotas, reajustadas a la tasa de inter\u00e9s anteriormente pactada en el cr\u00e9dito. <\/p>\n\n\n\n<p>En este sentido, el diputado\nindependiente explica que no podr\u00e1 realizarse ning\u00fan cobro por mora, multa u\notro tipo de cargo adicional. Adem\u00e1s, si un afiliado que habiendo decidido\nhacer este tr\u00e1mite realiza pagos al cr\u00e9dito, se entender\u00e1 que abona a la deuda\ny esto no suspender\u00e1 ni dejar\u00e1 sin efecto este derecho.<\/p>\n\n\n\n<p>La moci\u00f3n considera que las cajas de\ncompensaci\u00f3n deber\u00e1n\nhabilitar canales electr\u00f3nicos, telef\u00f3nicos y presenciales que permitan a los\nafiliados que lo decidan, realizar la solicitud y contempla adem\u00e1s que las\ncajas tendr\u00e1n un plazo de cinco d\u00edas h\u00e1biles para responder.<\/p>\n","protected":false},"excerpt":{"rendered":"<p>\u201cDebemos darles un alivio a tantas personas que hoy se quedaron sin empleo o que la pandemia les ha afectado fuertemente en lo econ\u00f3mico y que quedan excluidos de la&#8230; <a class=\"read-more\" href=\"https:\/\/www.radiopresidenteibanez.cl\/web\/diputado-bianchi-presenta-proyecto-que-suspende-el-cobro-de-cuotas-de-los-creditos-sociales-otorgados-por-las-cajas-de-compensacion\/\">Leer m\u00e1s<\/a><\/p>\n","protected":false},"author":2,"featured_media":3800,"comment_status":"closed","ping_status":"closed","sticky":false,"template":"","format":"standard","meta":{"footnotes":""},"categories":[1],"tags":[],"class_list":["post-15004","post","type-post","status-publish","format-standard","has-post-thumbnail","hentry","category-cronica"],"_links":{"self":[{"href":"https:\/\/www.radiopresidenteibanez.cl\/web\/wp-json\/wp\/v2\/posts\/15004","targetHints":{"allow":["GET"]}}],"collection":[{"href":"https:\/\/www.radiopresidenteibanez.cl\/web\/wp-json\/wp\/v2\/posts"}],"about":[{"href":"https:\/\/www.radiopresidenteibanez.cl\/web\/wp-json\/wp\/v2\/types\/post"}],"author":[{"embeddable":true,"href":"https:\/\/www.radiopresidenteibanez.cl\/web\/wp-json\/wp\/v2\/users\/2"}],"replies":[{"embeddable":true,"href":"https:\/\/www.radiopresidenteibanez.cl\/web\/wp-json\/wp\/v2\/comments?post=15004"}],"version-history":[{"count":0,"href":"https:\/\/www.radiopresidenteibanez.cl\/web\/wp-json\/wp\/v2\/posts\/15004\/revisions"}],"wp:featuredmedia":[{"embeddable":true,"href":"https:\/\/www.radiopresidenteibanez.cl\/web\/wp-json\/wp\/v2\/media\/3800"}],"wp:attachment":[{"href":"https:\/\/www.radiopresidenteibanez.cl\/web\/wp-json\/wp\/v2\/media?parent=15004"}],"wp:term":[{"taxonomy":"category","embeddable":true,"href":"https:\/\/www.radiopresidenteibanez.cl\/web\/wp-json\/wp\/v2\/categories?post=15004"},{"taxonomy":"post_tag","embeddable":true,"href":"https:\/\/www.radiopresidenteibanez.cl\/web\/wp-json\/wp\/v2\/tags?post=15004"}],"curies":[{"name":"wp","href":"https:\/\/api.w.org\/{rel}","templated":true}]}}