{"id":14999,"date":"2020-09-29T17:25:55","date_gmt":"2020-09-29T17:25:55","guid":{"rendered":"https:\/\/www.radiopresidenteibanez.cl\/web\/?p=14999"},"modified":"2020-09-29T17:26:00","modified_gmt":"2020-09-29T17:26:00","slug":"seremi-de-desarrollo-social-alerta-sobre-presunta-estafa-de-beneficios-sociales","status":"publish","type":"post","link":"https:\/\/www.radiopresidenteibanez.cl\/web\/seremi-de-desarrollo-social-alerta-sobre-presunta-estafa-de-beneficios-sociales\/","title":{"rendered":"SEREMI DE DESARROLLO SOCIAL ALERTA SOBRE PRESUNTA ESTAFA DE BENEFICIOS SOCIALES"},"content":{"rendered":"\n<p>Ante diversas consultas recibidas a trav\u00e9s de la ciudadan\u00eda por las redes sociales, el Ministerio de Desarrollo Social y Familia advirti\u00f3 a la ciudadan\u00eda sobre una posible estafa mediante el ofrecimiento de beneficios sociales falsos.<\/p>\n\n\n\n<p>A trav\u00e9s de WhastApp y Facebook, circula un mensaje que informa sobre el inicio de la quinta entrega del \u201cPrograma Ingreso Solidario\u201d que contemplar\u00eda un apoyo econ\u00f3mico de $160.000 a las familias, adjuntando un link a una plataforma web no oficial para registrarse y acceder al supuesto beneficio, para lo cual se pide entregar una serie de antecedentes personales.<\/p>\n\n\n\n<p>El Ministerio de Desarrollo Social y Familia aclar\u00f3 que el \u201cPrograma Ingreso Solidario\u201d no existe dentro de la oferta de beneficios y prestaciones sociales implementados por el Estado, ni tampoco tiene relaci\u00f3n alguna con el Ingreso Familiar de Emergencia (IFE), por lo que podr\u00eda tratarse de una estafa.<\/p>\n\n\n\n<p>Al respecto, la Seremi de Desarrollo Social y Familia, Liz Casanueva, realiz\u00f3 un llamado a la ciudadan\u00eda se\u00f1alando que \u201cen Magallanes dos familias nos han reportado el recibimiento de este tipo de mensajes. Por ello, el llamado es a utilizar exclusivamente los canales oficiales de comunicaci\u00f3n de los diversos programas y beneficios sociales y postular a ellos \u00fanicamente a trav\u00e9s de sus sitios web\u201d.&nbsp;<\/p>\n\n\n\n<p>Los antecedentes recabados indican que el sitio falso tendr\u00eda su origen en Colombia y se expandi\u00f3 tambi\u00e9n a otros pa\u00edses. Hasta ahora, no se tiene constancia de la existencia de v\u00edctimas de este tipo de estafa en nuestro pa\u00eds, sin perjuicio se eval\u00faan acciones legales antes estos hechos que revisten car\u00e1cter de delito.<\/p>\n\n\n\n<p>Entre las plataformas web oficiales que ha dispuesto el Gobierno para la postulaci\u00f3n a programas y beneficios sociales se encuentran:<\/p>\n\n\n\n<ul class=\"wp-block-list\"><li><a href=\"http:\/\/proteccionsocial.gob.cl\/\" target=\"_blank\" rel=\"noreferrer noopener\">proteccionsocial.gob.cl<\/a><\/li><li><a href=\"http:\/\/chileatiende.cl\/\" target=\"_blank\" rel=\"noreferrer noopener\">chileatiende.cl<\/a><\/li><li><a href=\"http:\/\/ingresodeemergencia.cl\/\" target=\"_blank\" rel=\"noreferrer noopener\">ingresodeemergencia.cl<\/a><\/li><\/ul>\n","protected":false},"excerpt":{"rendered":"<p>Ante diversas consultas recibidas a trav\u00e9s de la ciudadan\u00eda por las redes sociales, el Ministerio de Desarrollo Social y Familia advirti\u00f3 a la ciudadan\u00eda sobre una posible estafa mediante el&#8230; <a class=\"read-more\" href=\"https:\/\/www.radiopresidenteibanez.cl\/web\/seremi-de-desarrollo-social-alerta-sobre-presunta-estafa-de-beneficios-sociales\/\">Leer m\u00e1s<\/a><\/p>\n","protected":false},"author":2,"featured_media":15000,"comment_status":"closed","ping_status":"closed","sticky":false,"template":"","format":"standard","meta":{"footnotes":""},"categories":[1],"tags":[],"class_list":["post-14999","post","type-post","status-publish","format-standard","has-post-thumbnail","hentry","category-cronica"],"_links":{"self":[{"href":"https:\/\/www.radiopresidenteibanez.cl\/web\/wp-json\/wp\/v2\/posts\/14999","targetHints":{"allow":["GET"]}}],"collection":[{"href":"https:\/\/www.radiopresidenteibanez.cl\/web\/wp-json\/wp\/v2\/posts"}],"about":[{"href":"https:\/\/www.radiopresidenteibanez.cl\/web\/wp-json\/wp\/v2\/types\/post"}],"author":[{"embeddable":true,"href":"https:\/\/www.radiopresidenteibanez.cl\/web\/wp-json\/wp\/v2\/users\/2"}],"replies":[{"embeddable":true,"href":"https:\/\/www.radiopresidenteibanez.cl\/web\/wp-json\/wp\/v2\/comments?post=14999"}],"version-history":[{"count":0,"href":"https:\/\/www.radiopresidenteibanez.cl\/web\/wp-json\/wp\/v2\/posts\/14999\/revisions"}],"wp:featuredmedia":[{"embeddable":true,"href":"https:\/\/www.radiopresidenteibanez.cl\/web\/wp-json\/wp\/v2\/media\/15000"}],"wp:attachment":[{"href":"https:\/\/www.radiopresidenteibanez.cl\/web\/wp-json\/wp\/v2\/media?parent=14999"}],"wp:term":[{"taxonomy":"category","embeddable":true,"href":"https:\/\/www.radiopresidenteibanez.cl\/web\/wp-json\/wp\/v2\/categories?post=14999"},{"taxonomy":"post_tag","embeddable":true,"href":"https:\/\/www.radiopresidenteibanez.cl\/web\/wp-json\/wp\/v2\/tags?post=14999"}],"curies":[{"name":"wp","href":"https:\/\/api.w.org\/{rel}","templated":true}]}}