{"id":14996,"date":"2020-09-29T14:47:03","date_gmt":"2020-09-29T14:47:03","guid":{"rendered":"https:\/\/www.radiopresidenteibanez.cl\/web\/?p=14996"},"modified":"2020-09-29T14:47:09","modified_gmt":"2020-09-29T14:47:09","slug":"partido-radical-informa","status":"publish","type":"post","link":"https:\/\/www.radiopresidenteibanez.cl\/web\/partido-radical-informa\/","title":{"rendered":"PARTIDO RADICAL INFORMA"},"content":{"rendered":"\n<p>El Partido Radical de Chile\nRegi\u00f3n de Magallanes y Ant\u00e1rtica Chilena, informa:<\/p>\n\n\n\n<ol class=\"wp-block-list\"><li>Con fecha de hoy, 28 de septiembre 2020, el\nConsejo General del Partido, reunido de forma virtual, proclam\u00f3 las\ncandidaturas con las que el radicalismo se propone contribuir al desarrollo del\nterritorio y de la ciudadan\u00eda en los cargos de Gobernaciones Regionales y\nAlcald\u00edas en todo el pa\u00eds. <\/li><\/ol>\n\n\n\n<ul class=\"wp-block-list\"><li>En lo que respecta a Magallanes, la instancia\npartidaria nacional ratific\u00f3 por unanimidad la propuesta del Consejo Regional, que\nfue elaborada en conjunto con las Asambleas Comunales de Porvenir, Puerto\nNatales y Punta Arenas; de esa forma, la organizaci\u00f3n superior del Partido ha respaldado\nde manera contundente la decisi\u00f3n regional, lo que constituye una importante se\u00f1al\nde fortalecimiento de la institucionalidad territorial.<\/li><\/ul>\n\n\n\n<ul class=\"wp-block-list\"><li>Asimismo, esperamos que las candidaturas que a\ncontinuaci\u00f3n presentamos, cuenten con el aprecio de la ciudadan\u00eda y sean\nconsideradas un aporte al conjunto de las fuerzas pol\u00edticas y sociales de\noposici\u00f3n que est\u00e1n abocadas a construir un Programa \u00fanico de Gobierno Regional\npara Magallanes, sobre s\u00f3lidas bases \u00e9ticas, t\u00e9cnicas y pol\u00edticas. Por\nconsiguiente:<\/li><\/ul>\n\n\n\n<ol class=\"wp-block-list\"><li>El Partido Radical de Chile ha proclamado para el\ncargo de Gobernador Regional, al ciudadano independiente, m\u00e9dico de familia, ex\nDirector del Servicio de Salud Magallanes, ex Intendente Regional; Sr. Jorge\nFlies A\u00f1on. <\/li><\/ol>\n\n\n\n<ul class=\"wp-block-list\"><li>El Partido Radical de Chile ha proclamado para\nel cargo de Alcalde de Porvenir, al ciudadano militante, Trabajador Social, presidente\ndel Colegio de Trabajadores Sociales de Magallanes, ex Gobernador de Tierra del\nFuego; correligionario Rodolfo C\u00e1rdenas Alvarado.<\/li><\/ul>\n\n\n\n<ul class=\"wp-block-list\"><li>El Partido Radical de Chile ha proclamado para\nel cargo Alcalde de Punta Arenas, al ciudadano militante, psic\u00f3logo, ex\nDirector Regional del Servicio Nacional de Menores y del Consejo Regional de la\nCultura y las Artes; correligionario Gonzalo Bascu\u00f1\u00e1n Vargas.<\/li><\/ul>\n\n\n\n<ul class=\"wp-block-list\"><li>Agradecemos a los Sres. Flies A\u00f1on, C\u00e1rdenas\nAlvarado y Bascu\u00f1\u00e1n Vargas, por acoger el llamado a contribuir con honor y\nprofesionalismo al bienestar y desarrollo de las comunidades de la regi\u00f3n, en\nrepresentaci\u00f3n del Partido Radical de Chile; colectividad que en diciembre de\neste a\u00f1o cumplir\u00e1 157 a\u00f1os de trayectoria al servicio de la Rep\u00fablica.<\/li><\/ul>\n","protected":false},"excerpt":{"rendered":"<p>El Partido Radical de Chile Regi\u00f3n de Magallanes y Ant\u00e1rtica Chilena, informa: Con fecha de hoy, 28 de septiembre 2020, el Consejo General del Partido, reunido de forma virtual, proclam\u00f3&#8230; <a class=\"read-more\" href=\"https:\/\/www.radiopresidenteibanez.cl\/web\/partido-radical-informa\/\">Leer m\u00e1s<\/a><\/p>\n","protected":false},"author":2,"featured_media":740,"comment_status":"closed","ping_status":"closed","sticky":false,"template":"","format":"standard","meta":{"footnotes":""},"categories":[1],"tags":[],"class_list":["post-14996","post","type-post","status-publish","format-standard","has-post-thumbnail","hentry","category-cronica"],"_links":{"self":[{"href":"https:\/\/www.radiopresidenteibanez.cl\/web\/wp-json\/wp\/v2\/posts\/14996","targetHints":{"allow":["GET"]}}],"collection":[{"href":"https:\/\/www.radiopresidenteibanez.cl\/web\/wp-json\/wp\/v2\/posts"}],"about":[{"href":"https:\/\/www.radiopresidenteibanez.cl\/web\/wp-json\/wp\/v2\/types\/post"}],"author":[{"embeddable":true,"href":"https:\/\/www.radiopresidenteibanez.cl\/web\/wp-json\/wp\/v2\/users\/2"}],"replies":[{"embeddable":true,"href":"https:\/\/www.radiopresidenteibanez.cl\/web\/wp-json\/wp\/v2\/comments?post=14996"}],"version-history":[{"count":0,"href":"https:\/\/www.radiopresidenteibanez.cl\/web\/wp-json\/wp\/v2\/posts\/14996\/revisions"}],"wp:featuredmedia":[{"embeddable":true,"href":"https:\/\/www.radiopresidenteibanez.cl\/web\/wp-json\/wp\/v2\/media\/740"}],"wp:attachment":[{"href":"https:\/\/www.radiopresidenteibanez.cl\/web\/wp-json\/wp\/v2\/media?parent=14996"}],"wp:term":[{"taxonomy":"category","embeddable":true,"href":"https:\/\/www.radiopresidenteibanez.cl\/web\/wp-json\/wp\/v2\/categories?post=14996"},{"taxonomy":"post_tag","embeddable":true,"href":"https:\/\/www.radiopresidenteibanez.cl\/web\/wp-json\/wp\/v2\/tags?post=14996"}],"curies":[{"name":"wp","href":"https:\/\/api.w.org\/{rel}","templated":true}]}}