{"id":14993,"date":"2020-09-29T14:41:52","date_gmt":"2020-09-29T14:41:52","guid":{"rendered":"https:\/\/www.radiopresidenteibanez.cl\/web\/?p=14993"},"modified":"2020-09-29T14:41:58","modified_gmt":"2020-09-29T14:41:58","slug":"fueron-formalizadas-5-personas-que-participaron-en-fiesta-clandestina","status":"publish","type":"post","link":"https:\/\/www.radiopresidenteibanez.cl\/web\/fueron-formalizadas-5-personas-que-participaron-en-fiesta-clandestina\/","title":{"rendered":"FUERON FORMALIZADAS 5 PERSONAS QUE PARTICIPARON EN FIESTA CLANDESTINA"},"content":{"rendered":"\n<p>Con &nbsp;arresto domiciliario parcial nocturno y con un\nplazo de 60 d\u00edas de investigaci\u00f3n, quedaron las 5 personas formalizadas hoy, en\nel Tribunal de Garant\u00eda de Punta Arenas, luego de participar en una fiesta de\ncumplea\u00f1os junto a otras 19 personas que quedaron apercibidas.<\/p>\n\n\n\n<p>Durante la audiencia\nel Fiscal Sebasti\u00e1n Gonz\u00e1lez, los formaliz\u00f3 como autores del art\u00edculo 318, y\nles&nbsp; indic\u00f3 que se sigue una\ninvestigaci\u00f3n en su contra por los hechos acaecidos el d\u00eda de ayer, 27 de\nseptiembre, alrededor de las 10 horas cuando fueron sorprendidos, junto a otras\npersonas,&nbsp; en un&nbsp; domicilio ubicado en calle Maip\u00fa, celebrando\nel cumplea\u00f1os de la organizadora de la fiesta, situaci\u00f3n que est\u00e1 prohibida por\nuna resoluci\u00f3n del Ministerio de Salud de julio&nbsp;\nde este a\u00f1o, poniendo en consecuencia en peligro la salud p\u00fablica en\nvigencia de Estado de excepci\u00f3n constitucional de cat\u00e1strofe por calamidad p\u00fablica,\nlo que por todos es conocida. <\/p>\n\n\n\n<p>Cabe indicar\nque 4 de estas personas eran reincidentes del mismo delito y la quinta era la\nplanificadora de la reuni\u00f3n.<\/p>\n","protected":false},"excerpt":{"rendered":"<p>Con &nbsp;arresto domiciliario parcial nocturno y con un plazo de 60 d\u00edas de investigaci\u00f3n, quedaron las 5 personas formalizadas hoy, en el Tribunal de Garant\u00eda de Punta Arenas, luego de&#8230; <a class=\"read-more\" href=\"https:\/\/www.radiopresidenteibanez.cl\/web\/fueron-formalizadas-5-personas-que-participaron-en-fiesta-clandestina\/\">Leer m\u00e1s<\/a><\/p>\n","protected":false},"author":2,"featured_media":14994,"comment_status":"closed","ping_status":"closed","sticky":false,"template":"","format":"standard","meta":{"footnotes":""},"categories":[1],"tags":[],"class_list":["post-14993","post","type-post","status-publish","format-standard","has-post-thumbnail","hentry","category-cronica"],"_links":{"self":[{"href":"https:\/\/www.radiopresidenteibanez.cl\/web\/wp-json\/wp\/v2\/posts\/14993","targetHints":{"allow":["GET"]}}],"collection":[{"href":"https:\/\/www.radiopresidenteibanez.cl\/web\/wp-json\/wp\/v2\/posts"}],"about":[{"href":"https:\/\/www.radiopresidenteibanez.cl\/web\/wp-json\/wp\/v2\/types\/post"}],"author":[{"embeddable":true,"href":"https:\/\/www.radiopresidenteibanez.cl\/web\/wp-json\/wp\/v2\/users\/2"}],"replies":[{"embeddable":true,"href":"https:\/\/www.radiopresidenteibanez.cl\/web\/wp-json\/wp\/v2\/comments?post=14993"}],"version-history":[{"count":0,"href":"https:\/\/www.radiopresidenteibanez.cl\/web\/wp-json\/wp\/v2\/posts\/14993\/revisions"}],"wp:featuredmedia":[{"embeddable":true,"href":"https:\/\/www.radiopresidenteibanez.cl\/web\/wp-json\/wp\/v2\/media\/14994"}],"wp:attachment":[{"href":"https:\/\/www.radiopresidenteibanez.cl\/web\/wp-json\/wp\/v2\/media?parent=14993"}],"wp:term":[{"taxonomy":"category","embeddable":true,"href":"https:\/\/www.radiopresidenteibanez.cl\/web\/wp-json\/wp\/v2\/categories?post=14993"},{"taxonomy":"post_tag","embeddable":true,"href":"https:\/\/www.radiopresidenteibanez.cl\/web\/wp-json\/wp\/v2\/tags?post=14993"}],"curies":[{"name":"wp","href":"https:\/\/api.w.org\/{rel}","templated":true}]}}