{"id":14991,"date":"2020-09-29T14:35:01","date_gmt":"2020-09-29T14:35:01","guid":{"rendered":"https:\/\/www.radiopresidenteibanez.cl\/web\/?p=14991"},"modified":"2020-09-29T14:35:23","modified_gmt":"2020-09-29T14:35:23","slug":"diputado-bianchi-presenta-proyecto-de-ley-para-incorporar-a-los-tecnicos-en-enfermeria-tecnicos-paramedicos-y-tecnicos-en-odontologia-al-codigo-sanitario","status":"publish","type":"post","link":"https:\/\/www.radiopresidenteibanez.cl\/web\/diputado-bianchi-presenta-proyecto-de-ley-para-incorporar-a-los-tecnicos-en-enfermeria-tecnicos-paramedicos-y-tecnicos-en-odontologia-al-codigo-sanitario\/","title":{"rendered":"DIPUTADO BIANCHI PRESENTA PROYECTO DE LEY PARA INCORPORAR A LOS T\u00c9CNICOS EN ENFERMER\u00cdA, T\u00c9CNICOS PARAM\u00c9DICOS Y T\u00c9CNICOS EN ODONTOLOG\u00cdA AL C\u00d3DIGO SANITARIO"},"content":{"rendered":"\n<p>\u201cEste grupo de profesionales\nno est\u00e1 incluido en el C\u00f3digo Sanitario y con este proyecto buscamos\nincorporarlos. Exigimos un trato justo y mejorar sus condiciones laborales, m\u00e1s\na\u00fan en estos tiempos en que est\u00e1n dejando todo para enfrentar la pandemia\u201d,\nexpres\u00f3 el diputado independiente.<\/p>\n\n\n\n<p>En este sentido, la moci\u00f3n\nse\u00f1ala que los funcionarios de la salud han tenido que afrontar muchas\ndificultades durante la emergencia sanitaria por el Covid-19, donde han\ntrabajado de manera constante durante m\u00e1s de 5 meses, soportando la carga de\nm\u00e1s de 380.000 contagiados durante este a\u00f1o.<\/p>\n\n\n\n<p>\u201cPese al esfuerzo entregado\npor los profesionales, los t\u00e9cnicos en nivel superior no han recibido el trato\nque merecen. El Ministerio de Salud de Chile no los ha reconocido todav\u00eda como\nparte del C\u00f3digo Sanitario en nuestro pa\u00eds\u201d, se\u00f1ala el documento y recalca que solo los considera como personal de apoyo.<\/p>\n\n\n\n<p>\u201cEs urgente que se actualice\nel C\u00f3digo Sanitario para incluir a tantos profesionales que han trabajado\narduamente para cuidar a los pacientes exponiendo sus propias vidas, de manera\nde facilitarles el trabajo y modernizar sus labores\u201d, manifest\u00f3 Bianchi.<\/p>\n\n\n\n<p>Es importante mencionar que diversas\nmanifestaciones de parte de organizaciones de TENS, se han realizado a lo largo\ndel pa\u00eds durante el mes de septiembre exigiendo este cambio.<\/p>\n\n\n\n<p>As\u00ed, el proyecto de ley busca\ndar respuesta a los funcionarios y reconocer el gran trabajo que realizan. \u201cEs\ndeber del Estado de Chile reconocer esta labor y su aporte para cuidar la salud\nde todos los chilenos\u201d, expone el documento.<\/p>\n","protected":false},"excerpt":{"rendered":"<p>\u201cEste grupo de profesionales no est\u00e1 incluido en el C\u00f3digo Sanitario y con este proyecto buscamos incorporarlos. Exigimos un trato justo y mejorar sus condiciones laborales, m\u00e1s a\u00fan en estos&#8230; <a class=\"read-more\" href=\"https:\/\/www.radiopresidenteibanez.cl\/web\/diputado-bianchi-presenta-proyecto-de-ley-para-incorporar-a-los-tecnicos-en-enfermeria-tecnicos-paramedicos-y-tecnicos-en-odontologia-al-codigo-sanitario\/\">Leer m\u00e1s<\/a><\/p>\n","protected":false},"author":2,"featured_media":5567,"comment_status":"closed","ping_status":"closed","sticky":false,"template":"","format":"standard","meta":{"footnotes":""},"categories":[1],"tags":[],"class_list":["post-14991","post","type-post","status-publish","format-standard","has-post-thumbnail","hentry","category-cronica"],"_links":{"self":[{"href":"https:\/\/www.radiopresidenteibanez.cl\/web\/wp-json\/wp\/v2\/posts\/14991","targetHints":{"allow":["GET"]}}],"collection":[{"href":"https:\/\/www.radiopresidenteibanez.cl\/web\/wp-json\/wp\/v2\/posts"}],"about":[{"href":"https:\/\/www.radiopresidenteibanez.cl\/web\/wp-json\/wp\/v2\/types\/post"}],"author":[{"embeddable":true,"href":"https:\/\/www.radiopresidenteibanez.cl\/web\/wp-json\/wp\/v2\/users\/2"}],"replies":[{"embeddable":true,"href":"https:\/\/www.radiopresidenteibanez.cl\/web\/wp-json\/wp\/v2\/comments?post=14991"}],"version-history":[{"count":0,"href":"https:\/\/www.radiopresidenteibanez.cl\/web\/wp-json\/wp\/v2\/posts\/14991\/revisions"}],"wp:featuredmedia":[{"embeddable":true,"href":"https:\/\/www.radiopresidenteibanez.cl\/web\/wp-json\/wp\/v2\/media\/5567"}],"wp:attachment":[{"href":"https:\/\/www.radiopresidenteibanez.cl\/web\/wp-json\/wp\/v2\/media?parent=14991"}],"wp:term":[{"taxonomy":"category","embeddable":true,"href":"https:\/\/www.radiopresidenteibanez.cl\/web\/wp-json\/wp\/v2\/categories?post=14991"},{"taxonomy":"post_tag","embeddable":true,"href":"https:\/\/www.radiopresidenteibanez.cl\/web\/wp-json\/wp\/v2\/tags?post=14991"}],"curies":[{"name":"wp","href":"https:\/\/api.w.org\/{rel}","templated":true}]}}