{"id":14985,"date":"2020-09-28T15:10:16","date_gmt":"2020-09-28T15:10:16","guid":{"rendered":"https:\/\/www.radiopresidenteibanez.cl\/web\/?p=14985"},"modified":"2020-09-28T15:10:22","modified_gmt":"2020-09-28T15:10:22","slug":"edelmag-informa-corte-de-emergencia-de-suministro","status":"publish","type":"post","link":"https:\/\/www.radiopresidenteibanez.cl\/web\/edelmag-informa-corte-de-emergencia-de-suministro\/","title":{"rendered":"EDELMAG INFORMA CORTE DE EMERGENCIA DE SUMINISTRO"},"content":{"rendered":"\n<p>Desde las 11:30 se\nencuentran sin energ\u00eda el\u00e9ctrica 4.917 clientes ubicados en el&nbsp;Barrio 18\nde Septiembre, Barrio Sur, Prolongaci\u00f3n Mart\u00ednez de Aldunate y Poblaci\u00f3n Nelda\nPanicucci, debido a la realizaci\u00f3n de un trabajo de emergencia en una\nestructura de media tensi\u00f3n.<\/p>\n\n\n\n<p>Se espera que las\nlabores se extiendan hasta la 13:30 horas aproximadamente.<\/p>\n","protected":false},"excerpt":{"rendered":"<p>Desde las 11:30 se encuentran sin energ\u00eda el\u00e9ctrica 4.917 clientes ubicados en el&nbsp;Barrio 18 de Septiembre, Barrio Sur, Prolongaci\u00f3n Mart\u00ednez de Aldunate y Poblaci\u00f3n Nelda Panicucci, debido a la realizaci\u00f3n&#8230; <a class=\"read-more\" href=\"https:\/\/www.radiopresidenteibanez.cl\/web\/edelmag-informa-corte-de-emergencia-de-suministro\/\">Leer m\u00e1s<\/a><\/p>\n","protected":false},"author":2,"featured_media":714,"comment_status":"closed","ping_status":"closed","sticky":false,"template":"","format":"standard","meta":{"footnotes":""},"categories":[1],"tags":[],"class_list":["post-14985","post","type-post","status-publish","format-standard","has-post-thumbnail","hentry","category-cronica"],"_links":{"self":[{"href":"https:\/\/www.radiopresidenteibanez.cl\/web\/wp-json\/wp\/v2\/posts\/14985","targetHints":{"allow":["GET"]}}],"collection":[{"href":"https:\/\/www.radiopresidenteibanez.cl\/web\/wp-json\/wp\/v2\/posts"}],"about":[{"href":"https:\/\/www.radiopresidenteibanez.cl\/web\/wp-json\/wp\/v2\/types\/post"}],"author":[{"embeddable":true,"href":"https:\/\/www.radiopresidenteibanez.cl\/web\/wp-json\/wp\/v2\/users\/2"}],"replies":[{"embeddable":true,"href":"https:\/\/www.radiopresidenteibanez.cl\/web\/wp-json\/wp\/v2\/comments?post=14985"}],"version-history":[{"count":0,"href":"https:\/\/www.radiopresidenteibanez.cl\/web\/wp-json\/wp\/v2\/posts\/14985\/revisions"}],"wp:featuredmedia":[{"embeddable":true,"href":"https:\/\/www.radiopresidenteibanez.cl\/web\/wp-json\/wp\/v2\/media\/714"}],"wp:attachment":[{"href":"https:\/\/www.radiopresidenteibanez.cl\/web\/wp-json\/wp\/v2\/media?parent=14985"}],"wp:term":[{"taxonomy":"category","embeddable":true,"href":"https:\/\/www.radiopresidenteibanez.cl\/web\/wp-json\/wp\/v2\/categories?post=14985"},{"taxonomy":"post_tag","embeddable":true,"href":"https:\/\/www.radiopresidenteibanez.cl\/web\/wp-json\/wp\/v2\/tags?post=14985"}],"curies":[{"name":"wp","href":"https:\/\/api.w.org\/{rel}","templated":true}]}}