{"id":14983,"date":"2020-09-28T15:06:45","date_gmt":"2020-09-28T15:06:45","guid":{"rendered":"https:\/\/www.radiopresidenteibanez.cl\/web\/?p=14983"},"modified":"2020-09-28T15:06:52","modified_gmt":"2020-09-28T15:06:52","slug":"diputada-amar-destaco-importancia-de-transitar-hacia-una-nueva-constitucion-que-sea-la-casa-de-todos-en-el-lanzamiento-del-comando-de-chile-vamos-por-el-apruebo","status":"publish","type":"post","link":"https:\/\/www.radiopresidenteibanez.cl\/web\/diputada-amar-destaco-importancia-de-transitar-hacia-una-nueva-constitucion-que-sea-la-casa-de-todos-en-el-lanzamiento-del-comando-de-chile-vamos-por-el-apruebo\/","title":{"rendered":"DIPUTADA AMAR DESTAC\u00d3 IMPORTANCIA DE \u201cTRANSITAR HACIA UNA NUEVA CONSTITUCI\u00d3N QUE SEA LA CASA DE TODOS\u201d EN EL LANZAMIENTO DEL COMANDO DE CHILE VAMOS POR EL APRUEBO"},"content":{"rendered":"\n<p>\u201cEstoy muy contenta y agradecida de\npoder integrar como coordinadora nacional el comando de Chile Vamos por el\napruebo porque me permitir\u00e1 llevar la voz de la Regi\u00f3n de Magallanes a todo\nChile, con este mensaje de cambio y renovaci\u00f3n tan necesario en los tiempos que\nestamos viviendo como pa\u00eds\u201d.<\/p>\n\n\n\n<p>As\u00ed, la diputada (Indep) por la\nRegi\u00f3n de Magallanes, Sandra Amar, valor\u00f3 el trabajo realizado por el comando\nde Chile Vamos por el Apruebo, instancia que fue lanzada anoche, donde la\nlegisladora tendr\u00e1 la misi\u00f3n de ser una de las coordinadoras a nivel\nnacional.&nbsp;<\/p>\n\n\n\n<p>En la oportunidad, donde tambi\u00e9n\nparticiparon entre otros el senador Felipe Kast (Evopoli), el alcalde de Las\nCondes, Joaqu\u00edn Lav\u00edn (UDI), la diputada Amar afirm\u00f3 que \u201cjunto con agradecer\nla oportunidad que tengo de formar parte del comando de Chile Vamos por el\nApruebo, soy clara en manifestar que desde el primer momento me decid\u00ed por el\nApruebo una nueva Constituci\u00f3n\u201d.<\/p>\n\n\n\n<p>\u201cLa actual Constituci\u00f3n Pol\u00edtica\ncumpli\u00f3 una etapa importante en nuestro pa\u00eds, fue una gran carta magna; sin\nembargo, las constituciones son hijas de su tiempo y su \u00e9poca, y la que actualmente\nnos rige es de otra \u00e9poca\u201d, precis\u00f3.<\/p>\n\n\n\n<p>La diputada explic\u00f3 adem\u00e1s que\n\u201cnuestro pa\u00eds ha cambiado, Chile ha cambiado, por lo tanto, tenemos que\nenfrentar con decisi\u00f3n los desaf\u00edos de este siglo, en el marco de una sociedad\ncada vez m\u00e1s activa, m\u00e1s horizontal, con un avance tecnol\u00f3gico y cient\u00edfico en\nconstante expansi\u00f3n, con el surgimiento de nuevos derechos sociales, y con un\nmayor nivel de participaci\u00f3n ciudadana\u201d.<\/p>\n\n\n\n<p>\u201cYo entiendo que a nuestro sector le\ncuesta entender a los que estamos por el apruebo. Nos dicen que corrimos el\ncerco o que somos de izquierda; sin embargo me atrevo a decir que esta\ndiscusi\u00f3n ya no tiene que ver con ser de izquierda o de derecha, ni con haber\nestado en contra o a favor de la Constituci\u00f3n de 1980 en sus inicios, ni tampoco\ncon identificarse con la oposici\u00f3n o con el gobierno; tiene que ver con formar\nparte de un hecho hist\u00f3rico de la cual debemos formar parte para transitar\nhacia una nueva Constituci\u00f3n que sea la casa de todos\u201d, afirm\u00f3 la diputada\nAmar.<\/p>\n\n\n\n<p>Cabe agregar que, en los pr\u00f3ximos\nd\u00edas, el comando de Chile Vamos por el Apruebo, continuar\u00e1 desarrollando\ndiversas actividades para difundir sus ideas y proponer una serie de\niniciativas tendientes a que la opci\u00f3n Apruebo, sea la ganadora en el\nplebiscito del pr\u00f3ximo 25 de octubre.<\/p>\n","protected":false},"excerpt":{"rendered":"<p>\u201cEstoy muy contenta y agradecida de poder integrar como coordinadora nacional el comando de Chile Vamos por el apruebo porque me permitir\u00e1 llevar la voz de la Regi\u00f3n de Magallanes&#8230; <a class=\"read-more\" href=\"https:\/\/www.radiopresidenteibanez.cl\/web\/diputada-amar-destaco-importancia-de-transitar-hacia-una-nueva-constitucion-que-sea-la-casa-de-todos-en-el-lanzamiento-del-comando-de-chile-vamos-por-el-apruebo\/\">Leer m\u00e1s<\/a><\/p>\n","protected":false},"author":2,"featured_media":10101,"comment_status":"closed","ping_status":"closed","sticky":false,"template":"","format":"standard","meta":{"footnotes":""},"categories":[1],"tags":[],"class_list":["post-14983","post","type-post","status-publish","format-standard","has-post-thumbnail","hentry","category-cronica"],"_links":{"self":[{"href":"https:\/\/www.radiopresidenteibanez.cl\/web\/wp-json\/wp\/v2\/posts\/14983","targetHints":{"allow":["GET"]}}],"collection":[{"href":"https:\/\/www.radiopresidenteibanez.cl\/web\/wp-json\/wp\/v2\/posts"}],"about":[{"href":"https:\/\/www.radiopresidenteibanez.cl\/web\/wp-json\/wp\/v2\/types\/post"}],"author":[{"embeddable":true,"href":"https:\/\/www.radiopresidenteibanez.cl\/web\/wp-json\/wp\/v2\/users\/2"}],"replies":[{"embeddable":true,"href":"https:\/\/www.radiopresidenteibanez.cl\/web\/wp-json\/wp\/v2\/comments?post=14983"}],"version-history":[{"count":0,"href":"https:\/\/www.radiopresidenteibanez.cl\/web\/wp-json\/wp\/v2\/posts\/14983\/revisions"}],"wp:featuredmedia":[{"embeddable":true,"href":"https:\/\/www.radiopresidenteibanez.cl\/web\/wp-json\/wp\/v2\/media\/10101"}],"wp:attachment":[{"href":"https:\/\/www.radiopresidenteibanez.cl\/web\/wp-json\/wp\/v2\/media?parent=14983"}],"wp:term":[{"taxonomy":"category","embeddable":true,"href":"https:\/\/www.radiopresidenteibanez.cl\/web\/wp-json\/wp\/v2\/categories?post=14983"},{"taxonomy":"post_tag","embeddable":true,"href":"https:\/\/www.radiopresidenteibanez.cl\/web\/wp-json\/wp\/v2\/tags?post=14983"}],"curies":[{"name":"wp","href":"https:\/\/api.w.org\/{rel}","templated":true}]}}