{"id":14978,"date":"2020-09-28T14:41:56","date_gmt":"2020-09-28T14:41:56","guid":{"rendered":"https:\/\/www.radiopresidenteibanez.cl\/web\/?p=14978"},"modified":"2020-09-28T14:42:01","modified_gmt":"2020-09-28T14:42:01","slug":"cormunat-se-refiere-a-las-situaciones-que-se-han-acusado-a-la-fecha","status":"publish","type":"post","link":"https:\/\/www.radiopresidenteibanez.cl\/web\/cormunat-se-refiere-a-las-situaciones-que-se-han-acusado-a-la-fecha\/","title":{"rendered":"CORMUNAT SE REFIER\u00c9 A LAS SITUACIONES QUE SE HAN ACUSADO A LA FECHA"},"content":{"rendered":"\n<p>En relaci\u00f3n a\nlos hechos conocidos por la comunidad y frente a la situaci\u00f3n que afecta a la\nCorporaci\u00f3n Municipal de Natales, nuestra instituci\u00f3n informa a la opini\u00f3n\np\u00fablica lo siguiente:<\/p>\n\n\n\n<p>Lamentamos\nprofundamente el malestar causado a nuestros colaboradores y a la ciudadan\u00eda en\ngeneral producto de la situaci\u00f3n contractual del Secretario en ejercicio.&nbsp; Anunciamos que despu\u00e9s de reiteradas\nreuniones entre la Administraci\u00f3n y el Secretario General de la Corporaci\u00f3n,\nAlejandro Vel\u00e1squez Ruiz; el presidente de la Corporaci\u00f3n Municipal de Natales,\nFernando Paredes Mansilla, fue comunicado de la renuncia voluntaria e\nindeclinable del Secretario General. <\/p>\n\n\n\n<p>Dicha renuncia\nser\u00e1 efectiva posterior al retorno de Alejandro Vel\u00e1squez a sus funciones, dado\nque actualmente se encuentra haciendo uso de su licencia m\u00e9dica. <\/p>\n\n\n\n<p>La Cormunat\nagradece los a\u00f1os de servicio entregados por Alejandro Vel\u00e1squez, destacando\ndurante su gesti\u00f3n el aumento de matr\u00edculas en cada uno de los establecimientos\neducacionales administrados por la Corporaci\u00f3n, entregando as\u00ed, mayores\nopciones a los estudiantes de Natales.<\/p>\n\n\n\n<p>Lamentamos la manera\ndel t\u00e9rmino de la situaci\u00f3n contractual del Secretario General, pero como\nCorporaci\u00f3n consideramos que lo m\u00e1s importante es la continuidad de esta\ninstituci\u00f3n, que administra la salud, escuelas, liceos, jardines y cementerios\ncomunales. <\/p>\n\n\n\n<p>Como entidad\nbuscamos constituir un modelo de gesti\u00f3n educativa de excelencia, brindando\nmayores oportunidades a nuestros ni\u00f1os y j\u00f3venes de la comuna, fortaleciendo\ntanto la educaci\u00f3n p\u00fablica, como tambi\u00e9n la salud primaria. <\/p>\n\n\n\n<p>De esta\nmanera, la Corporaci\u00f3n Municipal de Natales reitera su compromiso para seguir\navanzando en el desarrollo de la comuna, respetando fielmente sus estatutos, de\nmanera tal de permitir que m\u00e1s personas tengan acceso a la salud y a educaci\u00f3n\np\u00fablica de calidad.<\/p>\n","protected":false},"excerpt":{"rendered":"<p>En relaci\u00f3n a los hechos conocidos por la comunidad y frente a la situaci\u00f3n que afecta a la Corporaci\u00f3n Municipal de Natales, nuestra instituci\u00f3n informa a la opini\u00f3n p\u00fablica lo&#8230; <a class=\"read-more\" href=\"https:\/\/www.radiopresidenteibanez.cl\/web\/cormunat-se-refiere-a-las-situaciones-que-se-han-acusado-a-la-fecha\/\">Leer m\u00e1s<\/a><\/p>\n","protected":false},"author":2,"featured_media":2706,"comment_status":"closed","ping_status":"closed","sticky":false,"template":"","format":"standard","meta":{"footnotes":""},"categories":[1],"tags":[],"class_list":["post-14978","post","type-post","status-publish","format-standard","has-post-thumbnail","hentry","category-cronica"],"_links":{"self":[{"href":"https:\/\/www.radiopresidenteibanez.cl\/web\/wp-json\/wp\/v2\/posts\/14978","targetHints":{"allow":["GET"]}}],"collection":[{"href":"https:\/\/www.radiopresidenteibanez.cl\/web\/wp-json\/wp\/v2\/posts"}],"about":[{"href":"https:\/\/www.radiopresidenteibanez.cl\/web\/wp-json\/wp\/v2\/types\/post"}],"author":[{"embeddable":true,"href":"https:\/\/www.radiopresidenteibanez.cl\/web\/wp-json\/wp\/v2\/users\/2"}],"replies":[{"embeddable":true,"href":"https:\/\/www.radiopresidenteibanez.cl\/web\/wp-json\/wp\/v2\/comments?post=14978"}],"version-history":[{"count":0,"href":"https:\/\/www.radiopresidenteibanez.cl\/web\/wp-json\/wp\/v2\/posts\/14978\/revisions"}],"wp:featuredmedia":[{"embeddable":true,"href":"https:\/\/www.radiopresidenteibanez.cl\/web\/wp-json\/wp\/v2\/media\/2706"}],"wp:attachment":[{"href":"https:\/\/www.radiopresidenteibanez.cl\/web\/wp-json\/wp\/v2\/media?parent=14978"}],"wp:term":[{"taxonomy":"category","embeddable":true,"href":"https:\/\/www.radiopresidenteibanez.cl\/web\/wp-json\/wp\/v2\/categories?post=14978"},{"taxonomy":"post_tag","embeddable":true,"href":"https:\/\/www.radiopresidenteibanez.cl\/web\/wp-json\/wp\/v2\/tags?post=14978"}],"curies":[{"name":"wp","href":"https:\/\/api.w.org\/{rel}","templated":true}]}}