{"id":14976,"date":"2020-09-28T14:37:48","date_gmt":"2020-09-28T14:37:48","guid":{"rendered":"https:\/\/www.radiopresidenteibanez.cl\/web\/?p=14976"},"modified":"2020-09-28T14:37:53","modified_gmt":"2020-09-28T14:37:53","slug":"consejo-regional-periodistas-declaracion-publica-ante-la-crisis-del-covid-19-en-magallanes","status":"publish","type":"post","link":"https:\/\/www.radiopresidenteibanez.cl\/web\/consejo-regional-periodistas-declaracion-publica-ante-la-crisis-del-covid-19-en-magallanes\/","title":{"rendered":"CONSEJO REGIONAL PERIODISTAS: DECLARACI\u00d3N P\u00daBLICA ANTE LA CRISIS DEL COVID-19 EN MAGALLANES"},"content":{"rendered":"\n<p>El Consejo Regional\nMagallanes del Colegio de Periodistas de Chile hace un llamado urgente a la\nIntendenta Regional Jennifer Rojas Garc\u00eda a enfrentar la pandemia del COVID-19\ncon todas las capacidades de nuestra comunidad. El coronavirus est\u00e1 demostrando\nser una sindemia. No es s\u00f3lo un problema de salud p\u00fablica o epidemiol\u00f3gico, sino\nque est\u00e1 poniendo en juego la totalidad de las dimensiones de la vida social.\nSu impacto lo vemos en el desarrollo econ\u00f3mico, en la calidad de vida de los\nhabitantes y, principalmente, en la confianza p\u00fablica. <\/p>\n\n\n\n<p>En ese contexto,\nreclamamos una estrategia comunicacional de educaci\u00f3n p\u00fablica de autocuidado,\nconvocando a los medios de comunicaci\u00f3n y tambi\u00e9n aprovechando todas las\ncapacidades del Estado. No podemos darnos el lujo de no servirnos de la\nexperiencia a nivel local. como la de haber enfrentado la aparici\u00f3n de la marea\nroja o el fen\u00f3meno de la capa de ozono en forma exitosa. Debemos recordar lo\naprendido de esas experiencias para cuidarnos y protegernos. Necesitamos usar\nlas herramientas de la comunicaci\u00f3n social y las ciencias sociales, en general,\npara dar respuestas robustas y no d\u00e9biles ante la pandemia. <\/p>\n\n\n\n<p>Con ese sentido,\ndebemos recuperar el rol de la promoci\u00f3n de la salud en la gesti\u00f3n del problema\na nivel local. Es estrat\u00e9gico abogar por una concepci\u00f3n preventiva y no\ncurativa de la salud. Ello implica reconocer que no es suficiente informar\ndatos. Claro que es importante hacerlo; pero no menos que educar. Los\nperiodistas y colegas del sector salud deben recuperar su rol, con el fin de\naportar en la gesti\u00f3n de pol\u00edticas p\u00fablicas, desde una mirada disciplinar.<\/p>\n\n\n\n<p>Tambi\u00e9n echamos de\nmenos una activa participaci\u00f3n de quienes trabajan en divulgaci\u00f3n cient\u00edfica\ndesde diversos \u00e1mbitos en la regi\u00f3n. Periodistas, cineastas, dise\u00f1adores,\neducadores, audiovisualistas, comunicadores, gestores culturales y, por cierto,\nlos medios de comunicaci\u00f3n. \u00bfCu\u00e1ntas regiones en Chile poseen secciones de\ndivulgaci\u00f3n cient\u00edfica en sus medios de comunicaci\u00f3n? Ese es un capital\ncultural que espera irrumpir con todas sus herramientas y redes. <\/p>\n\n\n\n<p>\u00bfQu\u00e9 debemos\nrecordar cuando hablamos de comunicaci\u00f3n social? Que la estrategia fracasar\u00e1 si\nno atiende las necesidades y el contexto local, usando los canales id\u00f3neos para\nllegar a la ciudadan\u00eda; y trabajando en construir un sentido compartido para\nenfrentar la crisis. El mensaje debe convocarnos a ser parte de la pol\u00edtica\nsanitaria. Eso implica dejar de lado el discurso culposo hacia la poblaci\u00f3n e\ninvitarnos a (sobre)vivir bajo un nuevo contexto social. Nada de eso se hace,\nsin un buen diagn\u00f3stico de expertos. <\/p>\n\n\n\n<p>Hace m\u00e1s de 20 a\u00f1os,\ncuando apareci\u00f3 la marea roja, se tuvo la capacidad de entender r\u00e1pidamente qu\u00e9\nnos un\u00eda ante el problema de salud p\u00fablica, con un&nbsp; efecto total en la vida social. Hoy, tenemos\ngrandes avances desde el punto de vista de las nuevas tecnolog\u00edas de la\ninformaci\u00f3n, que facilitan llegar a las personas, pero nos ha fallado el\nmensaje y la falta de una estrategia con pertinencia local. Es hora de\nreaccionar. <\/p>\n","protected":false},"excerpt":{"rendered":"<p>El Consejo Regional Magallanes del Colegio de Periodistas de Chile hace un llamado urgente a la Intendenta Regional Jennifer Rojas Garc\u00eda a enfrentar la pandemia del COVID-19 con todas las&#8230; <a class=\"read-more\" href=\"https:\/\/www.radiopresidenteibanez.cl\/web\/consejo-regional-periodistas-declaracion-publica-ante-la-crisis-del-covid-19-en-magallanes\/\">Leer m\u00e1s<\/a><\/p>\n","protected":false},"author":2,"featured_media":740,"comment_status":"closed","ping_status":"closed","sticky":false,"template":"","format":"standard","meta":{"footnotes":""},"categories":[1],"tags":[],"class_list":["post-14976","post","type-post","status-publish","format-standard","has-post-thumbnail","hentry","category-cronica"],"_links":{"self":[{"href":"https:\/\/www.radiopresidenteibanez.cl\/web\/wp-json\/wp\/v2\/posts\/14976","targetHints":{"allow":["GET"]}}],"collection":[{"href":"https:\/\/www.radiopresidenteibanez.cl\/web\/wp-json\/wp\/v2\/posts"}],"about":[{"href":"https:\/\/www.radiopresidenteibanez.cl\/web\/wp-json\/wp\/v2\/types\/post"}],"author":[{"embeddable":true,"href":"https:\/\/www.radiopresidenteibanez.cl\/web\/wp-json\/wp\/v2\/users\/2"}],"replies":[{"embeddable":true,"href":"https:\/\/www.radiopresidenteibanez.cl\/web\/wp-json\/wp\/v2\/comments?post=14976"}],"version-history":[{"count":0,"href":"https:\/\/www.radiopresidenteibanez.cl\/web\/wp-json\/wp\/v2\/posts\/14976\/revisions"}],"wp:featuredmedia":[{"embeddable":true,"href":"https:\/\/www.radiopresidenteibanez.cl\/web\/wp-json\/wp\/v2\/media\/740"}],"wp:attachment":[{"href":"https:\/\/www.radiopresidenteibanez.cl\/web\/wp-json\/wp\/v2\/media?parent=14976"}],"wp:term":[{"taxonomy":"category","embeddable":true,"href":"https:\/\/www.radiopresidenteibanez.cl\/web\/wp-json\/wp\/v2\/categories?post=14976"},{"taxonomy":"post_tag","embeddable":true,"href":"https:\/\/www.radiopresidenteibanez.cl\/web\/wp-json\/wp\/v2\/tags?post=14976"}],"curies":[{"name":"wp","href":"https:\/\/api.w.org\/{rel}","templated":true}]}}