{"id":14974,"date":"2020-09-28T14:35:44","date_gmt":"2020-09-28T14:35:44","guid":{"rendered":"https:\/\/www.radiopresidenteibanez.cl\/web\/?p=14974"},"modified":"2020-09-28T14:35:49","modified_gmt":"2020-09-28T14:35:49","slug":"gobernacion-provincial-informa-reapertura-complejo-fronterizo-cardenal-samore","status":"publish","type":"post","link":"https:\/\/www.radiopresidenteibanez.cl\/web\/gobernacion-provincial-informa-reapertura-complejo-fronterizo-cardenal-samore\/","title":{"rendered":"GOBERNACI\u00d3N PROVINCIAL INFORMA: REAPERTURA COMPLEJO FRONTERIZO CARDENAL SAMOR\u00c9"},"content":{"rendered":"\n<p>La gobernaci\u00f3n provincial de Magallanes informa que se ha restablecido el\ntr\u00e1nsito de transporte de carga por el complejo fronterizo Cardenal Antonio Samor\u00e9.\nEl corte de ruta provocado ayer por un socav\u00f3n en la ruta norte 231 del lado\nargentino, fue subsanado mediante la construcci\u00f3n de un bypass que permite el\ntr\u00e1nsito mientras los trabajos son ejecutados.<\/p>\n\n\n\n<p>El corte de la ruta, que se produjo ayer en lado argentino, en tramo\nque une Villa la Angostura y el Complejo fronterizo del vecino pa\u00eds, fue subsanado\nde momento con la construcci\u00f3n de un bypass que permite el tr\u00e1nsito mientras se\nejecutan los trabajos para reparar el mencionado hundimiento.<\/p>\n\n\n\n<p>Desde ma\u00f1ana 28 de septiembre, entonces, se reanuda la operaci\u00f3n de\natenci\u00f3n del transporte de carga en su horario normal. El gobernador\nprovincial, Homero Villegas N\u00fa\u00f1ez, explic\u00f3 que \u201cGendarmer\u00eda y Polic\u00eda argentina\nguiar\u00e1n el tr\u00e1nsito por un desv\u00edo entre los km 9 y 10 de la ruta mencionada. Solicitamos\na los conductores de veh\u00edculos de carga, disminuir la velocidad, respetar la\nse\u00f1alizaci\u00f3n y las indicaciones del personal de seguridad\u201d<\/p>\n\n\n\n<p>Se recuerda a la comunidad que debido a la pandemia que nos afecta,\ntanto Argentina como Chile, permiten solo el tr\u00e1nsito de camiones que cruzan la\nCordillera de los Andes para circular por rutas argentinas y volver a sortear\nla frontera para llegar a nuestra regi\u00f3n.&nbsp;<\/p>\n","protected":false},"excerpt":{"rendered":"<p>La gobernaci\u00f3n provincial de Magallanes informa que se ha restablecido el tr\u00e1nsito de transporte de carga por el complejo fronterizo Cardenal Antonio Samor\u00e9. El corte de ruta provocado ayer por&#8230; <a class=\"read-more\" href=\"https:\/\/www.radiopresidenteibanez.cl\/web\/gobernacion-provincial-informa-reapertura-complejo-fronterizo-cardenal-samore\/\">Leer m\u00e1s<\/a><\/p>\n","protected":false},"author":2,"featured_media":14959,"comment_status":"closed","ping_status":"closed","sticky":false,"template":"","format":"standard","meta":{"footnotes":""},"categories":[1],"tags":[],"class_list":["post-14974","post","type-post","status-publish","format-standard","has-post-thumbnail","hentry","category-cronica"],"_links":{"self":[{"href":"https:\/\/www.radiopresidenteibanez.cl\/web\/wp-json\/wp\/v2\/posts\/14974","targetHints":{"allow":["GET"]}}],"collection":[{"href":"https:\/\/www.radiopresidenteibanez.cl\/web\/wp-json\/wp\/v2\/posts"}],"about":[{"href":"https:\/\/www.radiopresidenteibanez.cl\/web\/wp-json\/wp\/v2\/types\/post"}],"author":[{"embeddable":true,"href":"https:\/\/www.radiopresidenteibanez.cl\/web\/wp-json\/wp\/v2\/users\/2"}],"replies":[{"embeddable":true,"href":"https:\/\/www.radiopresidenteibanez.cl\/web\/wp-json\/wp\/v2\/comments?post=14974"}],"version-history":[{"count":0,"href":"https:\/\/www.radiopresidenteibanez.cl\/web\/wp-json\/wp\/v2\/posts\/14974\/revisions"}],"wp:featuredmedia":[{"embeddable":true,"href":"https:\/\/www.radiopresidenteibanez.cl\/web\/wp-json\/wp\/v2\/media\/14959"}],"wp:attachment":[{"href":"https:\/\/www.radiopresidenteibanez.cl\/web\/wp-json\/wp\/v2\/media?parent=14974"}],"wp:term":[{"taxonomy":"category","embeddable":true,"href":"https:\/\/www.radiopresidenteibanez.cl\/web\/wp-json\/wp\/v2\/categories?post=14974"},{"taxonomy":"post_tag","embeddable":true,"href":"https:\/\/www.radiopresidenteibanez.cl\/web\/wp-json\/wp\/v2\/tags?post=14974"}],"curies":[{"name":"wp","href":"https:\/\/api.w.org\/{rel}","templated":true}]}}