{"id":14958,"date":"2020-09-27T15:20:58","date_gmt":"2020-09-27T15:20:58","guid":{"rendered":"https:\/\/www.radiopresidenteibanez.cl\/web\/?p=14958"},"modified":"2020-09-27T15:21:03","modified_gmt":"2020-09-27T15:21:03","slug":"gobernacion-provincial-informa-ruta-cierre-de-complejo-fronterizo-cardenal-samore","status":"publish","type":"post","link":"https:\/\/www.radiopresidenteibanez.cl\/web\/gobernacion-provincial-informa-ruta-cierre-de-complejo-fronterizo-cardenal-samore\/","title":{"rendered":"GOBERNACI\u00d3N PROVINCIAL INFORMA: RUTA CIERRE DE COMPLEJO FRONTERIZO CARDENAL SAMOR\u00c9"},"content":{"rendered":"\n<p>La gobernaci\u00f3n provincial de Magallanes informa que se ha suspendido el\ntr\u00e1nsito de transporte de carga por el complejo fronterizo Cardenal Antonio Samor\u00e9\ndebido a un socav\u00f3n bajo la carpeta asf\u00e1ltica en RN 231 lado argentino, en\ntramo que une Villa la Angostura y el Complejo fronterizo del vecino pa\u00eds.<\/p>\n\n\n\n<p>Debido a lo inestable de la ruta, se est\u00e1n realizando trabajos, cuyo\ntiempo de ejecuci\u00f3n es indeterminado, raz\u00f3n por la cual el tr\u00e1nsito de carga\ntendr\u00e1 que ser derivado al paso fronterizo Pino Hachado. <\/p>\n\n\n\n<p>El gobernador provincial de Magallanes, explic\u00f3 que \u201cestaremos informando\nel estado de avance de los trabajos de Vialidad argentina, a fin de establecer\ncuando se volver\u00eda a la normalidad en Cardenal Samor\u00e9. Lo importante es dar\ntranquilidad a la comunidad y la seguridad de que el flujo de transporte de\ncarga continuar\u00e1 con normalidad. Por de pronto es importante informar que en el\npaso Pino Hachado estar\u00e1n funcionando todos los servicios correspondientes, SAG,\nPDI, Aduanas, Carabineros\u201d<\/p>\n\n\n\n<p>Debido a la pandemia, tanto Argentina como Chile, permiten solo el\ntr\u00e1nsito de camiones que cruzan la Cordillera de los Andes para circular por\nrutas argentinas y volver a sortear la frontera para llegar a nuestra regi\u00f3n.&nbsp;<\/p>\n","protected":false},"excerpt":{"rendered":"<p>La gobernaci\u00f3n provincial de Magallanes informa que se ha suspendido el tr\u00e1nsito de transporte de carga por el complejo fronterizo Cardenal Antonio Samor\u00e9 debido a un socav\u00f3n bajo la carpeta&#8230; <a class=\"read-more\" href=\"https:\/\/www.radiopresidenteibanez.cl\/web\/gobernacion-provincial-informa-ruta-cierre-de-complejo-fronterizo-cardenal-samore\/\">Leer m\u00e1s<\/a><\/p>\n","protected":false},"author":2,"featured_media":14959,"comment_status":"closed","ping_status":"closed","sticky":false,"template":"","format":"standard","meta":{"footnotes":""},"categories":[1],"tags":[],"class_list":["post-14958","post","type-post","status-publish","format-standard","has-post-thumbnail","hentry","category-cronica"],"_links":{"self":[{"href":"https:\/\/www.radiopresidenteibanez.cl\/web\/wp-json\/wp\/v2\/posts\/14958","targetHints":{"allow":["GET"]}}],"collection":[{"href":"https:\/\/www.radiopresidenteibanez.cl\/web\/wp-json\/wp\/v2\/posts"}],"about":[{"href":"https:\/\/www.radiopresidenteibanez.cl\/web\/wp-json\/wp\/v2\/types\/post"}],"author":[{"embeddable":true,"href":"https:\/\/www.radiopresidenteibanez.cl\/web\/wp-json\/wp\/v2\/users\/2"}],"replies":[{"embeddable":true,"href":"https:\/\/www.radiopresidenteibanez.cl\/web\/wp-json\/wp\/v2\/comments?post=14958"}],"version-history":[{"count":0,"href":"https:\/\/www.radiopresidenteibanez.cl\/web\/wp-json\/wp\/v2\/posts\/14958\/revisions"}],"wp:featuredmedia":[{"embeddable":true,"href":"https:\/\/www.radiopresidenteibanez.cl\/web\/wp-json\/wp\/v2\/media\/14959"}],"wp:attachment":[{"href":"https:\/\/www.radiopresidenteibanez.cl\/web\/wp-json\/wp\/v2\/media?parent=14958"}],"wp:term":[{"taxonomy":"category","embeddable":true,"href":"https:\/\/www.radiopresidenteibanez.cl\/web\/wp-json\/wp\/v2\/categories?post=14958"},{"taxonomy":"post_tag","embeddable":true,"href":"https:\/\/www.radiopresidenteibanez.cl\/web\/wp-json\/wp\/v2\/tags?post=14958"}],"curies":[{"name":"wp","href":"https:\/\/api.w.org\/{rel}","templated":true}]}}