{"id":14956,"date":"2020-09-27T15:16:50","date_gmt":"2020-09-27T15:16:50","guid":{"rendered":"https:\/\/www.radiopresidenteibanez.cl\/web\/?p=14956"},"modified":"2020-09-27T15:16:57","modified_gmt":"2020-09-27T15:16:57","slug":"procesoconstituyente-porque-necesitamos-unanueva-constitucion-por-eugenia-mancilla-ex-intendenta-de-magallanes","status":"publish","type":"post","link":"https:\/\/www.radiopresidenteibanez.cl\/web\/procesoconstituyente-porque-necesitamos-unanueva-constitucion-por-eugenia-mancilla-ex-intendenta-de-magallanes\/","title":{"rendered":"PROCESO\tCONSTITUYENTE: \u00bfPOR\tQU\u00c9 NECESITAMOS UNA\tNUEVA CONSTITUCI\u00d3N? Por Eugenia Mancilla ex Intendenta de Magallanes"},"content":{"rendered":"\n<p><strong>Eugenia Mancilla Mac\u00edas<\/strong><\/p>\n\n\n\n<p><strong>Ex Intendenta Regional de Magallanes <\/strong><\/p>\n\n\n\n<p><strong>Vanguardia Comunitaria<\/strong><\/p>\n\n\n\n<p>El\nAcuerdo por la Paz Social y la Nueva Constituci\u00f3n, firmado el 15 de noviembre\nde 2019 entre 11 de las 14 fuerzas pol\u00edticas presentes en el Congreso,\nconstituye el hito pol\u00edtico mas importante de las \u00faltimas d\u00e9cadas en Chile. No\nsolamente porque fue la respuesta pol\u00edtica al estallido social de octubre de\n2019, sino porque le dio el \u00faltimo adi\u00f3s a la Constituci\u00f3n de 1980 e inicia el\ncamino de un proceso constituyente in\u00e9dito, para solucionar la crisis social y\npol\u00edtica que atravesamos. Por cierto, el pr\u00f3ximo 25 de octubre a trav\u00e9s de un\nplebiscito debemos decidir si aprobamos o rechazamos una nueva constituci\u00f3n y\nque tipo de \u00f3rgano deber\u00e1 redactar esa nueva constituci\u00f3n. Por mi parte no\ntengo dudas en aprobar y decidir por la Convenci\u00f3n Constitucional aquella\nintegrada exclusivamente por miembros elegidos popularmente. Por ello no est\u00e1\nen duda, que contar con una nueva, democr\u00e1tica y representativa Carta\nFundamental es uno de los hechos pol\u00edticos m\u00e1s importantes de la vida nacional.\nChile requiere una nueva Constituci\u00f3n. No es un deseo ni antojo del momento\npol\u00edtico del pa\u00eds. Es una necesidad. En primer lugar, porque la constituci\u00f3n\npol\u00edtica vigente tiene un origen ileg\u00edtimo. Fue redactada en un tiempo de excepci\u00f3n\npol\u00edtica, en plena dictadura y donde los ciudadanos fueron a votar sin\nparticipar en su redacci\u00f3n ni conocer sus detalles. Por otra parte, Chile no\npuede seguir anclado a una constituci\u00f3n que divide a los chilenos. En efecto,\nuna Constituci\u00f3n Pol\u00edtica debe unir, debe ser un instrumento que regule nuestra\nconvivencia, un espacio en el que podamos reunirnos todos aquellos que, siendo diferentes y pensando distinto sobre\ntantas cosas, compartimos, sin embargo, elementos esenciales, como por ejemplo\nque para todas y todos los chilenos\nse encuentre garantizados derechos fundamentales como la Salud y Educaci\u00f3n. El\nEstado chileno debe declararse y asumirse como un Estado Social y Democr\u00e1tico\nde Derecho. El reconocimiento timorato, y a rega\u00f1adientes,\nde los derechos sociales genera un desequilibrio constitucional. Se debe tambi\u00e9n, reconocer la realidad\ndiversa de nuestro territorio declar\u00e1ndonos un Estado Unitario Descentralizado\nque permita el desarrollo aut\u00f3nomo de las regiones en la administraci\u00f3n de su\nterritorio y sus recursos, descentralizando el\npoder central de la capital que hoy nos asfixia y no nos permite crecer\ny desarrollarnos. Necesitamos una nueva Constituci\u00f3n porque debemos declarar\nsin tapujos &#8211; nuestra riqueza- nuestra realidad multicultural reconociendo a\nnuestros pueblos originarios. Requerimos una nueva Constituci\u00f3n que asegure un\ngobierno efectivo de las mayor\u00edas ciudadanas. Finalmente, y quiz\u00e1s lo mas\nimportante, necesitamos una nueva Constituci\u00f3n porque debemos cambiar de manera\nfundamental nuestro modelo socioecon\u00f3mico neoliberal. Pasando, de un Estado\nSubsidiario donde se delega en el sector privado las decisiones econ\u00f3micas mas\nimportantes, a un Estado solidario y activo en las \u00e1reas estrat\u00e9gicas del pa\u00eds.\nEs evidente que detr\u00e1s de cada injusticia que habitualmente se produce en materias\nde salud, en educaci\u00f3n, en el trabajo, en el acceso a la vivienda propia, hay\nun derecho inexistente o vulnerado y una incapacidad del Estado para\ngarantizarlo o repararlo. Por ello es\ntarea de todos sumarnos a este proceso, la Nueva Constituci\u00f3n ser\u00e1 posible s\u00f3lo\ncon la participaci\u00f3n de todos y todas, los que\ndeseamos el fin de la desigualdad social, cultural y econ\u00f3mica que arrastra por\nd\u00e9cadas nuestra querida naci\u00f3n.<\/p>\n","protected":false},"excerpt":{"rendered":"<p>Eugenia Mancilla Mac\u00edas Ex Intendenta Regional de Magallanes Vanguardia Comunitaria El Acuerdo por la Paz Social y la Nueva Constituci\u00f3n, firmado el 15 de noviembre de 2019 entre 11 de&#8230; <a class=\"read-more\" href=\"https:\/\/www.radiopresidenteibanez.cl\/web\/procesoconstituyente-porque-necesitamos-unanueva-constitucion-por-eugenia-mancilla-ex-intendenta-de-magallanes\/\">Leer m\u00e1s<\/a><\/p>\n","protected":false},"author":2,"featured_media":1379,"comment_status":"closed","ping_status":"closed","sticky":false,"template":"","format":"standard","meta":{"footnotes":""},"categories":[1],"tags":[],"class_list":["post-14956","post","type-post","status-publish","format-standard","has-post-thumbnail","hentry","category-cronica"],"_links":{"self":[{"href":"https:\/\/www.radiopresidenteibanez.cl\/web\/wp-json\/wp\/v2\/posts\/14956","targetHints":{"allow":["GET"]}}],"collection":[{"href":"https:\/\/www.radiopresidenteibanez.cl\/web\/wp-json\/wp\/v2\/posts"}],"about":[{"href":"https:\/\/www.radiopresidenteibanez.cl\/web\/wp-json\/wp\/v2\/types\/post"}],"author":[{"embeddable":true,"href":"https:\/\/www.radiopresidenteibanez.cl\/web\/wp-json\/wp\/v2\/users\/2"}],"replies":[{"embeddable":true,"href":"https:\/\/www.radiopresidenteibanez.cl\/web\/wp-json\/wp\/v2\/comments?post=14956"}],"version-history":[{"count":0,"href":"https:\/\/www.radiopresidenteibanez.cl\/web\/wp-json\/wp\/v2\/posts\/14956\/revisions"}],"wp:featuredmedia":[{"embeddable":true,"href":"https:\/\/www.radiopresidenteibanez.cl\/web\/wp-json\/wp\/v2\/media\/1379"}],"wp:attachment":[{"href":"https:\/\/www.radiopresidenteibanez.cl\/web\/wp-json\/wp\/v2\/media?parent=14956"}],"wp:term":[{"taxonomy":"category","embeddable":true,"href":"https:\/\/www.radiopresidenteibanez.cl\/web\/wp-json\/wp\/v2\/categories?post=14956"},{"taxonomy":"post_tag","embeddable":true,"href":"https:\/\/www.radiopresidenteibanez.cl\/web\/wp-json\/wp\/v2\/tags?post=14956"}],"curies":[{"name":"wp","href":"https:\/\/api.w.org\/{rel}","templated":true}]}}