{"id":14953,"date":"2020-09-26T15:50:40","date_gmt":"2020-09-26T15:50:40","guid":{"rendered":"https:\/\/www.radiopresidenteibanez.cl\/web\/?p=14953"},"modified":"2020-09-26T15:50:44","modified_gmt":"2020-09-26T15:50:44","slug":"once-organizaciones-sociales-beneficiadas-con-el-fondo-social-presidente-de-la-republica-fondes","status":"publish","type":"post","link":"https:\/\/www.radiopresidenteibanez.cl\/web\/once-organizaciones-sociales-beneficiadas-con-el-fondo-social-presidente-de-la-republica-fondes\/","title":{"rendered":"ONCE ORGANIZACIONES SOCIALES BENEFICIADAS CON EL FONDO SOCIAL PRESIDENTE DE LA REP\u00daBLICA (FONDES)"},"content":{"rendered":"\n<p>En\ndependencias de la Gobernaci\u00f3n Provincial, con la presencia de la Intendenta de\nla regi\u00f3n de Magallanes, Jennifer Rojas Garc\u00eda y del gobernador Homero Villegas\nN\u00fa\u00f1ez, se realiz\u00f3 la entrega del Fondo Social Presidente de la Rep\u00fablica\n(Fondes) a 11 organizaciones sociales de la provincia. <\/p>\n\n\n\n<p>Este es un\nproyecto que busca apoyar y complementar las pol\u00edticas de acci\u00f3n social del\nEstado, potenciar la participaci\u00f3n ciudadana y contribuir a superar la\nvulnerabilidad social de una comunidad u organizaci\u00f3n. Las beneficiadas son entidades\np\u00fablicas y privadas, que no persiguen fines de lucro, las que postularon al\nfinanciamiento de proyectos de car\u00e1cter social, los cuales apoyan o\ncomplementan las pol\u00edticas de inversi\u00f3n social del Estado.<\/p>\n\n\n\n<p>La Intendenta\nJennifer Rojas, manifest\u00f3 que \u201cHoy con mucha alegr\u00eda entregamos como Gobierno\nlos recursos adjudicados por el Fondo Social Presidente de la Rep\u00fablica, donde\n11 organizaciones pudieron recibir financiamiento para ejecutar diversas\niniciativas. Esto es una oportunidad de apoyo, sabemos que muchas entidades esperan\nestos recursos para poder realizar sus actividades, que en esta oportunidad\ntendr\u00e1n que llevarlas a cabo de manera diferente, por la pandemia. Felicito a\nlas organizaciones adjudicadas\u201d.<\/p>\n\n\n\n<p>Asimismo el\ngobernador Homero Villegas se\u00f1al\u00f3 que \u201ccomo gobernaci\u00f3n provincial, nos\nsentimos satisfechos al entregar estos recursos a organizaciones sociales, que\nson un pilar fundamental para la comunidad. La entrega de recursos para el\nequipamiento &nbsp;y enseres, necesarios para\nque estas organizaciones desarrollen sus actividades, sobre todo en tiempos\ncomo el que estamos viviendo, en medio de una pandemia, refuerza un compromiso\nf\u00e9rreo, con nuestra comunidad, que contribuye a su fortalecimiento y responde a\nla preocupaci\u00f3n del presidente Sebasti\u00e1n Pi\u00f1era por la continuidad del trabajo\nen bien de las personas que nos necesitan\u201d.<\/p>\n\n\n\n<p>Este Fondo\nbenefici\u00f3 a organizaciones culturales, deportivas y de ayuda social para gente\nque trabaja con ni\u00f1os, adultos mayores y j\u00f3venes. En esta ocasi\u00f3n fueron once\nlas organizaciones que recibieron estos montos, los que sumados dan un total de\n$9.675.322 <\/p>\n\n\n\n<p>Desde la gobernaci\u00f3n\nse har\u00e1 el seguimiento de estos proyectos para ayudar a las organizaciones\nbeneficiadas en todo lo que involucre el paso a paso hasta la rendici\u00f3n final,\na&nbsp; trav\u00e9s de la gestora territorial Violeta\nCastillo, quien contribuy\u00f3 con el &nbsp;asesoramiento e ingreso\nde los proyectos estuvo, quien cont\u00f3 con el apoyo del jefe de gabinete, Rodolfo\nGuajardo, en la supervisi\u00f3n de los mismos.<\/p>\n\n\n\n<p>Las organizaciones beneficiadas con\nequipamiento e implementaci\u00f3n comunitaria son:<br>\n<br>\n<\/p>\n\n\n\n<p>Junta de vecinos Condominios Sociales, Sindicato\nde Tripulantes, Asociaci\u00f3n Ind\u00edgena Waywen, Pacientes Oncol\u00f3gicos, Centro de\nMadres Isabel Riquelme, Club Adulto Mayor Arco Iris, Junta de Vecinos 21 Sector\nSur, Club Adulto Mayor Rayito de Luna, Amudis, Organizaci\u00f3n Kreaciones de Mujer,\nClub adulto Mayor Sra. de la Candelaria<\/p>\n\n\n\n<p><strong>Proyectos de Equipamiento Comunitario<\/strong><\/p>\n\n\n\n<p>Destinados a\nla adquisici\u00f3n de un bien mueble necesario para la realizaci\u00f3n de una actividad\ndeterminada; la durabilidad estimada de estos se encuentran en un rango\nsuperior al a\u00f1o de vida \u00fatil. El objetivo de dichos proyectos, es que\ncontribuyan a mejorar el bienestar material y\/o social de los beneficiarios. <\/p>\n\n\n\n<p><strong>Proyectos de Implementaci\u00f3n Comunitaria<\/strong><\/p>\n\n\n\n<p>Destinados a\nla adquisici\u00f3n de art\u00edculos, materiales y utensilios, necesarios para la\nrealizaci\u00f3n de una actividad determinada; no tienen una vida \u00fatil prolongada.\nEl objetivo de dichos proyectos, es contribuir al desarrollo organizacional, y\na la cohesi\u00f3n social de los beneficiarios. <\/p>\n","protected":false},"excerpt":{"rendered":"<p>En dependencias de la Gobernaci\u00f3n Provincial, con la presencia de la Intendenta de la regi\u00f3n de Magallanes, Jennifer Rojas Garc\u00eda y del gobernador Homero Villegas N\u00fa\u00f1ez, se realiz\u00f3 la entrega&#8230; <a class=\"read-more\" href=\"https:\/\/www.radiopresidenteibanez.cl\/web\/once-organizaciones-sociales-beneficiadas-con-el-fondo-social-presidente-de-la-republica-fondes\/\">Leer m\u00e1s<\/a><\/p>\n","protected":false},"author":2,"featured_media":14954,"comment_status":"closed","ping_status":"closed","sticky":false,"template":"","format":"standard","meta":{"footnotes":""},"categories":[1],"tags":[],"class_list":["post-14953","post","type-post","status-publish","format-standard","has-post-thumbnail","hentry","category-cronica"],"_links":{"self":[{"href":"https:\/\/www.radiopresidenteibanez.cl\/web\/wp-json\/wp\/v2\/posts\/14953","targetHints":{"allow":["GET"]}}],"collection":[{"href":"https:\/\/www.radiopresidenteibanez.cl\/web\/wp-json\/wp\/v2\/posts"}],"about":[{"href":"https:\/\/www.radiopresidenteibanez.cl\/web\/wp-json\/wp\/v2\/types\/post"}],"author":[{"embeddable":true,"href":"https:\/\/www.radiopresidenteibanez.cl\/web\/wp-json\/wp\/v2\/users\/2"}],"replies":[{"embeddable":true,"href":"https:\/\/www.radiopresidenteibanez.cl\/web\/wp-json\/wp\/v2\/comments?post=14953"}],"version-history":[{"count":0,"href":"https:\/\/www.radiopresidenteibanez.cl\/web\/wp-json\/wp\/v2\/posts\/14953\/revisions"}],"wp:featuredmedia":[{"embeddable":true,"href":"https:\/\/www.radiopresidenteibanez.cl\/web\/wp-json\/wp\/v2\/media\/14954"}],"wp:attachment":[{"href":"https:\/\/www.radiopresidenteibanez.cl\/web\/wp-json\/wp\/v2\/media?parent=14953"}],"wp:term":[{"taxonomy":"category","embeddable":true,"href":"https:\/\/www.radiopresidenteibanez.cl\/web\/wp-json\/wp\/v2\/categories?post=14953"},{"taxonomy":"post_tag","embeddable":true,"href":"https:\/\/www.radiopresidenteibanez.cl\/web\/wp-json\/wp\/v2\/tags?post=14953"}],"curies":[{"name":"wp","href":"https:\/\/api.w.org\/{rel}","templated":true}]}}