{"id":14948,"date":"2020-09-26T15:47:23","date_gmt":"2020-09-26T15:47:23","guid":{"rendered":"https:\/\/www.radiopresidenteibanez.cl\/web\/?p=14948"},"modified":"2020-09-26T15:47:28","modified_gmt":"2020-09-26T15:47:28","slug":"quiero-mi-barrio-invita-a-talleres-on-line-de-vermicompostaje-y-residuos-domiciliarios-en-eusebio-lillo-cumbres-patagonicas","status":"publish","type":"post","link":"https:\/\/www.radiopresidenteibanez.cl\/web\/quiero-mi-barrio-invita-a-talleres-on-line-de-vermicompostaje-y-residuos-domiciliarios-en-eusebio-lillo-cumbres-patagonicas\/","title":{"rendered":"QUIERO MI BARRIO INVITA A TALLERES ON LINE DE VERMICOMPOSTAJE Y RESIDUOS DOMICILIARIOS EN EUSEBIO LILLO\/CUMBRES PATAG\u00d3NICAS"},"content":{"rendered":"\n<p>Hasta el 9 de octubre estar\u00e1n abiertas las inscripciones para talleres online sobre manejo de residuos domiciliarios y vermicompostaje, dirigidos a vecinos del barrio Eusebio Lillo\/Cumbres Patag\u00f3nicas, como parte de las iniciativas comunitarias impulsadas por el Programa Quiero Mi Barrio del Ministerio de Vivienda y Urbanismo, en alianza con la Ilustre Municipalidad de Punta Arenas.<\/p>\n\n\n\n<p>Al respecto, el seremi del MINVU, Jos\u00e9 Miguel Horcos destac\u00f3 que \u201cEn primer lugar, el protagonismo de los vecinos y vecinas de los barrios en estos \u00faltimos meses con la campa\u00f1a de las mil mascarillas, su distribuci\u00f3n al vecindario, el lanzamiento de su propio bolet\u00edn, el concurso de talento dieciochero, todo apoyado por los equipos, tanto sectoriales como municipales, del Programa Quiero Mi Barrio.\u201d<\/p>\n\n\n\n<p>Entre otros objetivos, la idea es motivar a los pobladores a manejar mejor la basura dom\u00e9stica, de manera que enriquezcan y optimicen las actividades que realizan durante el tiempo que duran las restricciones sanitarias, contribuyendo as\u00ed a su capacitaci\u00f3n, recreaci\u00f3n y balance tanto f\u00edsico como mental.<\/p>\n\n\n\n<p>De esta forma, se apunta al manejo integral de residuos s\u00f3lidos, org\u00e1nicos e inorg\u00e1nicos domiciliarios, como m\u00e9todo ecol\u00f3gico para darle valor agregado a los desechos.<\/p>\n\n\n\n<p>El vermicompostaje, por ejemplo, utiliza a una especie domesticada de lombriz como una herramienta de trabajo que permite convertir r\u00e1pidamente los desechos de su cocina en un sustrato rico en nutrientes, que al igual que el compost, proporciona id\u00e9nticos beneficios al suelo de jard\u00edn o huertas.<\/p>\n\n\n\n<p>\u201cPor la misma raz\u00f3n &#8211; agreg\u00f3 Horcos &#8211; queremos invitar a los vecinos del barrio Eusebio Lillo\/Cumbres Patag\u00f3nicas a mantenerse vigentes con nuevos talleres on line, que apuntan a mejorar la calidad de vida en el barrio desde el punto de vista medioambiental, adem\u00e1s de sumar conciencia de su importancia para la salud de las personas.\u201d Se\u00f1al\u00f3 la autoridad.<\/p>\n\n\n\n<p>Cabe indicar que estos talleres se realizan a trav\u00e9s de nuevas plataformas digitales, lo que podr\u00eda implicar ciertas dificultades para algunos vecinos, quienes desde ya cuentan con el apoyo y orientaci\u00f3n de los equipos del Quiero Mi Barrio, disponibles a brindar la asistencia necesaria para que la mayor cantidad de vecinos puedan participar de tan noble iniciativa.<\/p>\n\n\n\n<p>Las inscripciones se realizan s\u00f3lo enviando un mensaje de Whatssapp a los siguientes n\u00fameros:&nbsp;+56-9-50195156&nbsp;o&nbsp;+56-9-66756899&nbsp;y para mayor informaci\u00f3n visitar la p\u00e1gina facebook Quiero Mi Barrio Lillo-Cumbres.<\/p>\n","protected":false},"excerpt":{"rendered":"<p>Hasta el 9 de octubre estar\u00e1n abiertas las inscripciones para talleres online sobre manejo de residuos domiciliarios y vermicompostaje, dirigidos a vecinos del barrio Eusebio Lillo\/Cumbres Patag\u00f3nicas, como parte de&#8230; <a class=\"read-more\" href=\"https:\/\/www.radiopresidenteibanez.cl\/web\/quiero-mi-barrio-invita-a-talleres-on-line-de-vermicompostaje-y-residuos-domiciliarios-en-eusebio-lillo-cumbres-patagonicas\/\">Leer m\u00e1s<\/a><\/p>\n","protected":false},"author":2,"featured_media":14949,"comment_status":"closed","ping_status":"closed","sticky":false,"template":"","format":"standard","meta":{"footnotes":""},"categories":[1],"tags":[],"class_list":["post-14948","post","type-post","status-publish","format-standard","has-post-thumbnail","hentry","category-cronica"],"_links":{"self":[{"href":"https:\/\/www.radiopresidenteibanez.cl\/web\/wp-json\/wp\/v2\/posts\/14948","targetHints":{"allow":["GET"]}}],"collection":[{"href":"https:\/\/www.radiopresidenteibanez.cl\/web\/wp-json\/wp\/v2\/posts"}],"about":[{"href":"https:\/\/www.radiopresidenteibanez.cl\/web\/wp-json\/wp\/v2\/types\/post"}],"author":[{"embeddable":true,"href":"https:\/\/www.radiopresidenteibanez.cl\/web\/wp-json\/wp\/v2\/users\/2"}],"replies":[{"embeddable":true,"href":"https:\/\/www.radiopresidenteibanez.cl\/web\/wp-json\/wp\/v2\/comments?post=14948"}],"version-history":[{"count":0,"href":"https:\/\/www.radiopresidenteibanez.cl\/web\/wp-json\/wp\/v2\/posts\/14948\/revisions"}],"wp:featuredmedia":[{"embeddable":true,"href":"https:\/\/www.radiopresidenteibanez.cl\/web\/wp-json\/wp\/v2\/media\/14949"}],"wp:attachment":[{"href":"https:\/\/www.radiopresidenteibanez.cl\/web\/wp-json\/wp\/v2\/media?parent=14948"}],"wp:term":[{"taxonomy":"category","embeddable":true,"href":"https:\/\/www.radiopresidenteibanez.cl\/web\/wp-json\/wp\/v2\/categories?post=14948"},{"taxonomy":"post_tag","embeddable":true,"href":"https:\/\/www.radiopresidenteibanez.cl\/web\/wp-json\/wp\/v2\/tags?post=14948"}],"curies":[{"name":"wp","href":"https:\/\/api.w.org\/{rel}","templated":true}]}}