{"id":14946,"date":"2020-09-26T15:45:51","date_gmt":"2020-09-26T15:45:51","guid":{"rendered":"https:\/\/www.radiopresidenteibanez.cl\/web\/?p=14946"},"modified":"2020-09-26T15:45:56","modified_gmt":"2020-09-26T15:45:56","slug":"por-situacion-judicial-ante-accidente-en-constanera-alcalde-radoncih-seguiremos-colaborando-activamente-con-la-justicia","status":"publish","type":"post","link":"https:\/\/www.radiopresidenteibanez.cl\/web\/por-situacion-judicial-ante-accidente-en-constanera-alcalde-radoncih-seguiremos-colaborando-activamente-con-la-justicia\/","title":{"rendered":"POR SITUACI\u00d3N JUDICIAL ANTE ACCIDENTE EN CONSTANERA, ALCALDE RADONCIH: \u201cSEGUIREMOS COLABORANDO ACTIVAMENTE CON LA JUSTICIA\u201d"},"content":{"rendered":"\n<p>\u201cNosotros estamos para colaborar activamente con la justicia y entregar los antecedentes que sean necesarios, lo que seguiremos haciendo con total responsabilidad y transparencia\u201d, expres\u00f3 el alcalde Claudio Radonich al ser consultado por la investigaci\u00f3n que hoy ya tiene dos formalizados.<\/p>\n\n\n\n<p>Asimismo, Radonich recalc\u00f3 que \u201cMarlene fue una mujer extraordinaria y que siempre particip\u00f3 de las actividades municipales tanto con su familia como con las batucadas que frecuentaba. Les env\u00edo un mensaje de tranquilidad y un abrazo a la familia de ella\u201d.<\/p>\n\n\n\n<p>Respecto a la investigaci\u00f3n propiamente tal, la autoridad comunal dijo que \u201cno nos podemos pronunciar, pero aqu\u00ed estamos todos con \u00e1nimo de que se determinen las eventuales responsabilidades, ya que hay muchas personas involucradas de manera indirecta a trav\u00e9s de productoras y externos, que normalmente trabajan en este tipo de actividades\u201d.<\/p>\n\n\n\n<p>En ese sentido, desde el municipio expresaron que se han cambiado todos los protocolos para los eventos que se realizan o realicen en el futuro, generando mayores per\u00edmetros de seguridad, aumentando cantidad de guardias, utilizando escenarios certificados, entre otras medidas.<\/p>\n\n\n\n<p>Finalmente, el Alcalde agreg\u00f3 que \u201choy seguimos colaborando con la justicia, y en paralelo concretamos un sumario administrativo que termin\u00f3 de procesarse y que fue entregado a los organismos pertinentes, as\u00ed que esperamos el fallo que se pueda emitir una vez que finalice la investigaci\u00f3n correspondiente\u201d.<\/p>\n","protected":false},"excerpt":{"rendered":"<p>\u201cNosotros estamos para colaborar activamente con la justicia y entregar los antecedentes que sean necesarios, lo que seguiremos haciendo con total responsabilidad y transparencia\u201d, expres\u00f3 el alcalde Claudio Radonich al&#8230; <a class=\"read-more\" href=\"https:\/\/www.radiopresidenteibanez.cl\/web\/por-situacion-judicial-ante-accidente-en-constanera-alcalde-radoncih-seguiremos-colaborando-activamente-con-la-justicia\/\">Leer m\u00e1s<\/a><\/p>\n","protected":false},"author":2,"featured_media":14933,"comment_status":"closed","ping_status":"closed","sticky":false,"template":"","format":"standard","meta":{"footnotes":""},"categories":[1],"tags":[],"class_list":["post-14946","post","type-post","status-publish","format-standard","has-post-thumbnail","hentry","category-cronica"],"_links":{"self":[{"href":"https:\/\/www.radiopresidenteibanez.cl\/web\/wp-json\/wp\/v2\/posts\/14946","targetHints":{"allow":["GET"]}}],"collection":[{"href":"https:\/\/www.radiopresidenteibanez.cl\/web\/wp-json\/wp\/v2\/posts"}],"about":[{"href":"https:\/\/www.radiopresidenteibanez.cl\/web\/wp-json\/wp\/v2\/types\/post"}],"author":[{"embeddable":true,"href":"https:\/\/www.radiopresidenteibanez.cl\/web\/wp-json\/wp\/v2\/users\/2"}],"replies":[{"embeddable":true,"href":"https:\/\/www.radiopresidenteibanez.cl\/web\/wp-json\/wp\/v2\/comments?post=14946"}],"version-history":[{"count":0,"href":"https:\/\/www.radiopresidenteibanez.cl\/web\/wp-json\/wp\/v2\/posts\/14946\/revisions"}],"wp:featuredmedia":[{"embeddable":true,"href":"https:\/\/www.radiopresidenteibanez.cl\/web\/wp-json\/wp\/v2\/media\/14933"}],"wp:attachment":[{"href":"https:\/\/www.radiopresidenteibanez.cl\/web\/wp-json\/wp\/v2\/media?parent=14946"}],"wp:term":[{"taxonomy":"category","embeddable":true,"href":"https:\/\/www.radiopresidenteibanez.cl\/web\/wp-json\/wp\/v2\/categories?post=14946"},{"taxonomy":"post_tag","embeddable":true,"href":"https:\/\/www.radiopresidenteibanez.cl\/web\/wp-json\/wp\/v2\/tags?post=14946"}],"curies":[{"name":"wp","href":"https:\/\/api.w.org\/{rel}","templated":true}]}}