{"id":14943,"date":"2020-09-26T15:44:31","date_gmt":"2020-09-26T15:44:31","guid":{"rendered":"https:\/\/www.radiopresidenteibanez.cl\/web\/?p=14943"},"modified":"2020-09-26T15:44:36","modified_gmt":"2020-09-26T15:44:36","slug":"implementacion-de-paneles-fotovoltaicos-en-hospital-de-natales-ayudara-al-ahorro-energetico-y-reduccion-de-co2-en-la-comuna","status":"publish","type":"post","link":"https:\/\/www.radiopresidenteibanez.cl\/web\/implementacion-de-paneles-fotovoltaicos-en-hospital-de-natales-ayudara-al-ahorro-energetico-y-reduccion-de-co2-en-la-comuna\/","title":{"rendered":"IMPLEMENTACI\u00d3N DE PANELES FOTOVOLTAICOS EN HOSPITAL DE NATALES AYUDAR\u00c1 AL AHORRO ENERG\u00c9TICO Y REDUCCI\u00d3N DE CO2 EN LA COMUNA"},"content":{"rendered":"\n<p>Como una forma de\nmirar al futuro con acciones concretas en el presente, el Hospital Dr. Augusto\nEssmann Burgos de Puerto Natales se plante\u00f3 el importante objetivo de reducir\nel consumo energ\u00e9tico del recinto hospitalario y, en consecuencia, la disminuci\u00f3n\nde emisi\u00f3n de Di\u00f3xido de Carbono (CO2) en el medioambiente de Magallanes.<\/p>\n\n\n\n<p>La pregunta era\nc\u00f3mo lograr esta tarea. Para esto, el hospital natalino licit\u00f3 el proyecto\nfotovoltaico por la Agencia de Sostenibilidad Energ\u00e9tica y adjudicado a la\nempresa Evolusum, que entregar\u00e1 energ\u00eda limpia al hospital mediante la\nradiaci\u00f3n solar.<\/p>\n\n\n\n<p>En estricto\nrigor,&nbsp; el proyecto considera el recambio de la iluminaci\u00f3n del hospital\npor tecnolog\u00eda LED en todos los rincones del recinto asistencial que no cuenten\ncon estas luminarias, y&nbsp; la implementaci\u00f3n de un sistema solar\nFotovoltaico de 25 kWp. que prometen un ahorro estimado de 50 millones de pesos\nde forma anual en consumo el\u00e9ctrico y 400 [Ton\/a\u00f1o] de Co2 evitadas en el\nambiente natalino.<\/p>\n\n\n\n<p>Sobre la\nimplementaci\u00f3n de este proyecto, el Subdirector de Operaciones del Hospital Dr.\nAugusto Essmann Burgos, Jos\u00e9 Miguel Paredes, aclar\u00f3 quelos tiempos\nde ejecuci\u00f3nhan variado, ya que fueron calculados en un contexto donde no\nestaba la Pandemia: \u201cDeacuerdo a lo informado por la Agencia de\nSostenibilidad Energ\u00e9tica (ASE), esto deber\u00eda concretarse a fines de este a\u00f1o,\na lo m\u00e1s podr\u00eda alargarse hasta febrero del 2021\u2033, dijo Paredes.<\/p>\n\n\n\n<ul class=\"wp-block-list\"><li><strong>\u00bfQu\u00e9 considera este\nproyecto?<\/strong><\/li><\/ul>\n\n\n\n<p>\u201cSe implementar\u00e1 el\nrecambio de la iluminaci\u00f3n LED de todas las luminarias&nbsp;del hospital que no\ncuenten con esta tecnolog\u00eda y la implementaci\u00f3n de un sistema solar\nFotovoltaico de 25 kWp, que alimentar\u00e1 este sistema de alumbrado. Adem\u00e1s,\nsumado al proyecto de cogeneraci\u00f3n de 200 kWe. (potencia el\u00e9ctrica) y de 241\nkWt. (potencia t\u00e9rmica), se proyecta un ahorro de $ 50 millones anuales\u201d.<\/p>\n\n\n\n<ul class=\"wp-block-list\"><li><strong>\u00bfQu\u00e9 otra ventaja\npresenta este tipo de iluminaci\u00f3n?<\/strong><\/li><\/ul>\n\n\n\n<p>\u201cPrincipalmente que\nes energ\u00eda limpia, la cual es proporcionada por paneles fotovoltaicos. Adem\u00e1s\ndel ahorro energ\u00e9tico, tambi\u00e9n podremos ver una mayor vida \u00fatil del LED&nbsp; y\nla eliminaci\u00f3n del efecto estrobosc\u00f3pico de la luz fluorescente en el interior\ndel hospital\u201d.<\/p>\n\n\n\n<p>El Subdirector de Operaciones del\nhospital de Natales, adem\u00e1s de recalcar el ahorro energ\u00e9tico anual de 50\nmillones de pesos gracias a los paneles solares, que se instalar\u00e1n en el techo\ndel recinto asistencial (ver fotograf\u00eda, remarcado en verde), tambi\u00e9n destac\u00f3\nel aporte al medioambiente de Puerto Natales: \u201cSi bien tendremos&nbsp;un ahorro\nestimado de 50 millones de pesos anuales, tambi\u00e9n es destacable que evitaremos\n400 [Ton\/a\u00f1o] de Co2, es decir estamos contribuyendo a disminuir el efecto\ninvernadero\u201d, a\u00f1adi\u00f3 Paredes.<\/p>\n\n\n\n<p>Por \u00faltimo, Jos\u00e9 Miguel Paredes\nconcluy\u00f3 diciendo que este proyecto de recambio de iluminaci\u00f3n en la tecnolog\u00eda\nLED y el sistema fotovoltaico, tuvo un costo aproximado de cien millones de\npesos.<\/p>\n","protected":false},"excerpt":{"rendered":"<p>Como una forma de mirar al futuro con acciones concretas en el presente, el Hospital Dr. Augusto Essmann Burgos de Puerto Natales se plante\u00f3 el importante objetivo de reducir el&#8230; <a class=\"read-more\" href=\"https:\/\/www.radiopresidenteibanez.cl\/web\/implementacion-de-paneles-fotovoltaicos-en-hospital-de-natales-ayudara-al-ahorro-energetico-y-reduccion-de-co2-en-la-comuna\/\">Leer m\u00e1s<\/a><\/p>\n","protected":false},"author":2,"featured_media":14944,"comment_status":"closed","ping_status":"closed","sticky":false,"template":"","format":"standard","meta":{"footnotes":""},"categories":[1],"tags":[],"class_list":["post-14943","post","type-post","status-publish","format-standard","has-post-thumbnail","hentry","category-cronica"],"_links":{"self":[{"href":"https:\/\/www.radiopresidenteibanez.cl\/web\/wp-json\/wp\/v2\/posts\/14943","targetHints":{"allow":["GET"]}}],"collection":[{"href":"https:\/\/www.radiopresidenteibanez.cl\/web\/wp-json\/wp\/v2\/posts"}],"about":[{"href":"https:\/\/www.radiopresidenteibanez.cl\/web\/wp-json\/wp\/v2\/types\/post"}],"author":[{"embeddable":true,"href":"https:\/\/www.radiopresidenteibanez.cl\/web\/wp-json\/wp\/v2\/users\/2"}],"replies":[{"embeddable":true,"href":"https:\/\/www.radiopresidenteibanez.cl\/web\/wp-json\/wp\/v2\/comments?post=14943"}],"version-history":[{"count":0,"href":"https:\/\/www.radiopresidenteibanez.cl\/web\/wp-json\/wp\/v2\/posts\/14943\/revisions"}],"wp:featuredmedia":[{"embeddable":true,"href":"https:\/\/www.radiopresidenteibanez.cl\/web\/wp-json\/wp\/v2\/media\/14944"}],"wp:attachment":[{"href":"https:\/\/www.radiopresidenteibanez.cl\/web\/wp-json\/wp\/v2\/media?parent=14943"}],"wp:term":[{"taxonomy":"category","embeddable":true,"href":"https:\/\/www.radiopresidenteibanez.cl\/web\/wp-json\/wp\/v2\/categories?post=14943"},{"taxonomy":"post_tag","embeddable":true,"href":"https:\/\/www.radiopresidenteibanez.cl\/web\/wp-json\/wp\/v2\/tags?post=14943"}],"curies":[{"name":"wp","href":"https:\/\/api.w.org\/{rel}","templated":true}]}}