{"id":14940,"date":"2020-09-26T15:40:53","date_gmt":"2020-09-26T15:40:53","guid":{"rendered":"https:\/\/www.radiopresidenteibanez.cl\/web\/?p=14940"},"modified":"2020-09-26T15:40:58","modified_gmt":"2020-09-26T15:40:58","slug":"alcalde-radonich-nuevas-medidas-anunciadas-por-la-intendenta-van-en-la-direccion-correcta","status":"publish","type":"post","link":"https:\/\/www.radiopresidenteibanez.cl\/web\/alcalde-radonich-nuevas-medidas-anunciadas-por-la-intendenta-van-en-la-direccion-correcta\/","title":{"rendered":"ALCALDE RADONICH: \u201cNUEVAS MEDIDAS ANUNCIADAS POR LA INTENDENTA VAN EN LA DIRECCI\u00d3N CORRECTA\u201d"},"content":{"rendered":"\n<p>Mayor fiscalizaci\u00f3n en la entrega de permisos colectivos y a las empresas que los otorgan, Ex\u00e1menes PCR negativo para quienes ingresen a la Regi\u00f3n, entre otras medidas, fueron anunciadas por la Intendenta de Magallanes, Jennifer Rojas, en reuni\u00f3n sostenida el pasado jueves desde el edificio de Gobierno local.<\/p>\n\n\n\n<p>En ese sentido, el alcalde Claudio Radonich, presente en la cita, destac\u00f3 las nuevas medidas anunciadas por la nueva Intendenta y dijo \u201cvaloro que se escucharan a los diversos actores invitados, tomando en cuenta distintas propuestas que como municipio ya hab\u00edamos realizado con anterioridad\u201d.<\/p>\n\n\n\n<p>\u201cCoincidimos en la necesidad de un cambio de estrategia, ya que es evidente que la fiscalizaci\u00f3n no ha estado bien, y que las coordinaciones no han sido eficaces por parte del Gobierno, pero las medidas anunciadas creo que van en la direcci\u00f3n correcta\u201d, manifest\u00f3 Radonich.<\/p>\n\n\n\n<p>Asimismo, el jefe comunal agreg\u00f3 que \u201ces necesario y urgente realizar una mayor fiscalizaci\u00f3n a las empresas por la entrega de permisos colectivos, y distinguir qu\u00e9 es lo esencial y que no, para poder avanzar y no seguir siendo la comuna con mayor cantidad de contagios, ya que todos queremos buscar soluciones y sobre todo, bajar la movilidad\u201d.<\/p>\n\n\n\n<p>Por \u00faltimo, el Alcalde argument\u00f3 que \u201cclaramente la restricci\u00f3n vehicular no funcion\u00f3, al no estar acompa\u00f1ada de medidas multisectoriales, pero ahora existen mayores facultades y la Intendenta contar\u00e1 con todo nuestro apoyo desde el Municipio\u201d.<\/p>\n","protected":false},"excerpt":{"rendered":"<p>Mayor fiscalizaci\u00f3n en la entrega de permisos colectivos y a las empresas que los otorgan, Ex\u00e1menes PCR negativo para quienes ingresen a la Regi\u00f3n, entre otras medidas, fueron anunciadas por&#8230; <a class=\"read-more\" href=\"https:\/\/www.radiopresidenteibanez.cl\/web\/alcalde-radonich-nuevas-medidas-anunciadas-por-la-intendenta-van-en-la-direccion-correcta\/\">Leer m\u00e1s<\/a><\/p>\n","protected":false},"author":2,"featured_media":14941,"comment_status":"closed","ping_status":"closed","sticky":false,"template":"","format":"standard","meta":{"footnotes":""},"categories":[1],"tags":[],"class_list":["post-14940","post","type-post","status-publish","format-standard","has-post-thumbnail","hentry","category-cronica"],"_links":{"self":[{"href":"https:\/\/www.radiopresidenteibanez.cl\/web\/wp-json\/wp\/v2\/posts\/14940","targetHints":{"allow":["GET"]}}],"collection":[{"href":"https:\/\/www.radiopresidenteibanez.cl\/web\/wp-json\/wp\/v2\/posts"}],"about":[{"href":"https:\/\/www.radiopresidenteibanez.cl\/web\/wp-json\/wp\/v2\/types\/post"}],"author":[{"embeddable":true,"href":"https:\/\/www.radiopresidenteibanez.cl\/web\/wp-json\/wp\/v2\/users\/2"}],"replies":[{"embeddable":true,"href":"https:\/\/www.radiopresidenteibanez.cl\/web\/wp-json\/wp\/v2\/comments?post=14940"}],"version-history":[{"count":0,"href":"https:\/\/www.radiopresidenteibanez.cl\/web\/wp-json\/wp\/v2\/posts\/14940\/revisions"}],"wp:featuredmedia":[{"embeddable":true,"href":"https:\/\/www.radiopresidenteibanez.cl\/web\/wp-json\/wp\/v2\/media\/14941"}],"wp:attachment":[{"href":"https:\/\/www.radiopresidenteibanez.cl\/web\/wp-json\/wp\/v2\/media?parent=14940"}],"wp:term":[{"taxonomy":"category","embeddable":true,"href":"https:\/\/www.radiopresidenteibanez.cl\/web\/wp-json\/wp\/v2\/categories?post=14940"},{"taxonomy":"post_tag","embeddable":true,"href":"https:\/\/www.radiopresidenteibanez.cl\/web\/wp-json\/wp\/v2\/tags?post=14940"}],"curies":[{"name":"wp","href":"https:\/\/api.w.org\/{rel}","templated":true}]}}