{"id":14935,"date":"2020-09-25T16:16:45","date_gmt":"2020-09-25T16:16:45","guid":{"rendered":"https:\/\/www.radiopresidenteibanez.cl\/web\/?p=14935"},"modified":"2020-09-25T16:16:50","modified_gmt":"2020-09-25T16:16:50","slug":"gobernacion-de-magallanes-coordina-acciones-de-apoyo-a-comunas-rurales-en-pandemia","status":"publish","type":"post","link":"https:\/\/www.radiopresidenteibanez.cl\/web\/gobernacion-de-magallanes-coordina-acciones-de-apoyo-a-comunas-rurales-en-pandemia\/","title":{"rendered":"GOBERNACI\u00d3N DE MAGALLANES COORDINA ACCIONES DE APOYO A COMUNAS RURALES EN PANDEMIA"},"content":{"rendered":"\n<p>Con la participaci\u00f3n de IPS, SERVIU, FOSIS,\nINDAP, SERCOTEC, CORFO, SERNAMEG, entre otras instituciones, hoy jueves 24 de\nseptiembre se realiz\u00f3 reuni\u00f3n de Comit\u00e9\nT\u00e9cnico Provincial (COTEP) Ampliado, las cuales fueron convocadas por la Gobernaci\u00f3n, para abordar\nen conjunto algunas necesidades detectadas en las comunas rurales de la\nprovincia, (Laguna Blanca, R\u00edo Verde y San Gregorio)<\/p>\n\n\n\n<p>Durante el encuentro se cumpli\u00f3 con el\nobjetivo central, el an\u00e1lisis de estas necesidades, con participaci\u00f3n activa de\nlas instituciones relacionadas a dichas necesidades y a las tem\u00e1ticas\nexpuestas: emprendimiento, postulaci\u00f3n a beneficios en pandemia, subsidios\nhabitacionales, funcionamiento de cordones sanitarios, etc. Y acordar posibles\nacciones a desarrollar de manera coordinada.<\/p>\n\n\n\n<p>Hace unos d\u00edas, ya se realiz\u00f3 una actividad\ncomo respuesta a parte de los requerimientos recogidos en la comunicaci\u00f3n con\nlos municipios rurales.&nbsp; Y consisti\u00f3 en\nun di\u00e1logo con vecinas, vecinos y funcionarios de estas comunas, en relaci\u00f3n a\nlos cordones sanitarios establecidos por la cuarentena, debido a las mayores\nrestricciones que ha experimentado la regi\u00f3n en las \u00faltimas semanas. La\nactividad se coordin\u00f3 entre Programa Protecci\u00f3n Social, Gobierno en Terreno y\nComit\u00e9 T\u00e9cnico Asesor de la Gobernaci\u00f3n y cont\u00f3 con la participaci\u00f3n de la\nSeremi de Salud y Carabineros, y fueron los funcionarios de estas entidades\nquienes realizaron las presentaciones informativas a los presentes, en la\nreuni\u00f3n realizada a trav\u00e9s de plataforma virtual.<\/p>\n\n\n\n<p>El gobernador se\u00f1al\u00f3 \u201cque instancias como\n\u00e9stas contribuyen a dar respuesta a las urgencias e inquietudes de los\nmagall\u00e1nicos que viven en las comunas rurales. Nos hemos propuesto llegar a\ntodos los rincones de nuestra provincia, en forma coordinada con los servicios\nque conforman la red social, dando soluci\u00f3n a las inquietudes que surgen.\nMuestra clara de ello es la r\u00e1pida medida que se adopt\u00f3 para solucionar un\nproblema que aquejaba a vecinos y vecinas de R\u00edo Verde, Laguna Blanca y San\nGregorio\u201d<\/p>\n\n\n\n<p>El problema mencionado por el gobernador, se\nrefiere al tiempo permitido de desplazamiento hacia y desde la ciudad, durante\nel cual, el factor distancia imped\u00eda que pudieran cumplir con los tr\u00e1mites o\ncompras que deb\u00edan realizar. La soluci\u00f3n fue r\u00e1pida y oportuna, y vino desde\nCarabineros. Hoy las personas de comunas rurales, adem\u00e1s de realizar el tr\u00e1mite de salvoconducto\ny permiso temporal en Comisar\u00eda Virtual, pueden solicitar la extensi\u00f3n de\nhorario en la Subcomisar\u00eda de Carabineros de R\u00edo Seco, ubicada en Ruta 9 Norte,\nKm 13, en atenci\u00f3n al tiempo de demora desde sus domicilios.<\/p>\n\n\n\n<p>En\nel encuentro de hoy se dieron a conocer las ofertas con las que cuentan los\nservicios participantes y a las que pueden aplicar vecinos de la ruralidad,\ncomo por ejemplo, el Subdirector de Corfo, Oscar Strauch, destac\u00f3 la plataforma\nPymes en L\u00ednea\/www.pymesenlinea.cl,&nbsp; iniciativa gratuita\ndesarrollada por Corfo, que busca que las empresas de menor tama\u00f1o aumenten sus\nventas, bajen sus costos y mejoren su relaci\u00f3n con clientes y proveedores, entregando\nopciones de capacitaci\u00f3n para realizar comercio digital.&nbsp;Adem\u00e1s, se\nrefiri\u00f3 al DFL-15, que tendr\u00e1 lanzamiento el 15 de noviembre y cuyas bases se\nencontrar\u00e1n en la p\u00e1gina web de la instituci\u00f3n.&nbsp;\nPor su parte, el director de IPS, Eduardo Barahona, indic\u00f3 que su\nservicio generar\u00e1 &nbsp;charlas de capacitaci\u00f3n respecto a la\nmodalidad de pago de pensiones, asignaci\u00f3n de poderes, prevenci\u00f3n de estafas,\netc. para orientar a las vecinas y vecinos. Petar Bradasic, director de INDAP indic\u00f3\nque se generar\u00e1 un listado de posibles usuarios que cumplan con los requisitos\nde las normativas del servicio, pobladores rurales, productores, que puedan\nacceder a beneficios, a quienes se les entregar\u00e1 informaci\u00f3n de manera m\u00e1s\npersonalizada (propietarios, arrendatarios, medieros, cesi\u00f3n). Tambi\u00e9n inform\u00f3\nacerca de capacitaci\u00f3n, consensuando listas de personas que pudieran ser\nusuario de Indap, entregando informaci\u00f3n m\u00e1s personalizada. Y tambi\u00e9n la\nposibilidad de acceder a los diferentes programas productivos, de riego, pozos,\nobras de riego para captar el agua, subsidiados hasta un 90%. Fosis,\nrepresentado por su director, Hern\u00e1n Soto, &nbsp;abre la posibilidad a que las comunas puedan\nacceder a proyectos, mientras que la Llilian Ruiloba inform\u00f3 que Sernameg ha\nreestructurado su forma de apoyar a las mujeres y a su entorno familiar, a\ntrav\u00e9s de una reconversi\u00f3n de sus programas, mediante v\u00eda online, ha reajustado\nsus presupuestos, y focalizando el trabajo intersectorial que tiene que ver con\nla reactivaci\u00f3n econ\u00f3mica que necesita el emprendimiento de la mujer. Ha\nfortalecido, adem\u00e1s, el \u00e1rea de \u201cviolencia contra la mujer, entregando el apoyo\nnecesario, y se encuentra trabajando en conjunto con la gobernaci\u00f3n y Fosis, que\nest\u00e1n ejecutando algunos de sus programas a trav\u00e9s de convenios de colaboraci\u00f3n.<\/p>\n\n\n\n<p>El gobernador\nVillegas expres\u00f3 su conformidad por la reuni\u00f3n sostenida, luego de \u00e9sta se\u00f1al\u00f3\nque \u201ca lo largo de esta pandemia, hemos podido comprobar que el trabajo mancomunado\njunto a los servicios competentes, es la \u00fanica forma para dar soluci\u00f3n a los\nproblemas que aquejan a la ciudadan\u00eda a causa de la crisis sanitaria y\necon\u00f3mica que estamos viviendo. S\u00f3lo el esfuerzo de todos los entes\nrelacionados permitir\u00e1 que juntos logremos vencer esta situaci\u00f3n que nos aqueja\na todos por igual\u201d y finaliz\u00f3 agregando que \u201cTrabajar en forma coordinada,\nuniendo voluntades por el bien de la comunidad, es un compromiso que tenemos\nquienes trabajamos en el servicio p\u00fablico y la \u00fanica forma de ganar la batalla\na esta pandemia\u201d.<\/p>\n","protected":false},"excerpt":{"rendered":"<p>Con la participaci\u00f3n de IPS, SERVIU, FOSIS, INDAP, SERCOTEC, CORFO, SERNAMEG, entre otras instituciones, hoy jueves 24 de septiembre se realiz\u00f3 reuni\u00f3n de Comit\u00e9 T\u00e9cnico Provincial (COTEP) Ampliado, las cuales&#8230; <a class=\"read-more\" href=\"https:\/\/www.radiopresidenteibanez.cl\/web\/gobernacion-de-magallanes-coordina-acciones-de-apoyo-a-comunas-rurales-en-pandemia\/\">Leer m\u00e1s<\/a><\/p>\n","protected":false},"author":2,"featured_media":14936,"comment_status":"closed","ping_status":"closed","sticky":false,"template":"","format":"standard","meta":{"footnotes":""},"categories":[1],"tags":[],"class_list":["post-14935","post","type-post","status-publish","format-standard","has-post-thumbnail","hentry","category-cronica"],"_links":{"self":[{"href":"https:\/\/www.radiopresidenteibanez.cl\/web\/wp-json\/wp\/v2\/posts\/14935","targetHints":{"allow":["GET"]}}],"collection":[{"href":"https:\/\/www.radiopresidenteibanez.cl\/web\/wp-json\/wp\/v2\/posts"}],"about":[{"href":"https:\/\/www.radiopresidenteibanez.cl\/web\/wp-json\/wp\/v2\/types\/post"}],"author":[{"embeddable":true,"href":"https:\/\/www.radiopresidenteibanez.cl\/web\/wp-json\/wp\/v2\/users\/2"}],"replies":[{"embeddable":true,"href":"https:\/\/www.radiopresidenteibanez.cl\/web\/wp-json\/wp\/v2\/comments?post=14935"}],"version-history":[{"count":0,"href":"https:\/\/www.radiopresidenteibanez.cl\/web\/wp-json\/wp\/v2\/posts\/14935\/revisions"}],"wp:featuredmedia":[{"embeddable":true,"href":"https:\/\/www.radiopresidenteibanez.cl\/web\/wp-json\/wp\/v2\/media\/14936"}],"wp:attachment":[{"href":"https:\/\/www.radiopresidenteibanez.cl\/web\/wp-json\/wp\/v2\/media?parent=14935"}],"wp:term":[{"taxonomy":"category","embeddable":true,"href":"https:\/\/www.radiopresidenteibanez.cl\/web\/wp-json\/wp\/v2\/categories?post=14935"},{"taxonomy":"post_tag","embeddable":true,"href":"https:\/\/www.radiopresidenteibanez.cl\/web\/wp-json\/wp\/v2\/tags?post=14935"}],"curies":[{"name":"wp","href":"https:\/\/api.w.org\/{rel}","templated":true}]}}