{"id":14932,"date":"2020-09-25T16:15:20","date_gmt":"2020-09-25T16:15:20","guid":{"rendered":"https:\/\/www.radiopresidenteibanez.cl\/web\/?p=14932"},"modified":"2020-09-25T16:15:25","modified_gmt":"2020-09-25T16:15:25","slug":"fue-formalizado-encargado-de-eventos-por-caida-de-escenario-durante-show-artistico","status":"publish","type":"post","link":"https:\/\/www.radiopresidenteibanez.cl\/web\/fue-formalizado-encargado-de-eventos-por-caida-de-escenario-durante-show-artistico\/","title":{"rendered":"FUE FORMALIZADO ENCARGADO DE EVENTOS POR CA\u00cdDA DE ESCENARIO DURANTE SHOW ART\u00cdSTICO"},"content":{"rendered":"\n<p>El Fiscal\nSebasti\u00e1n Gonz\u00e1lez formaliz\u00f3, hoy, al encargado de la Unidad de Eventos de la\nMunicipalidad de Punta Arenas,&nbsp; Jos\u00e9\nAlmonacid, como autor de cuasidelito de homicidio al no cumplir la normativa y &nbsp;crea el riesgo de desplome de una estructura\nde andamios dispuesta para la celebraci\u00f3n del solsticio de verano del a\u00f1o 2018,\nel que luego se materializar\u00eda en un efectivo derrumbe de la estructura con\nresultados de v\u00edctimas lesionadas y una de ellas fallecida, meses despu\u00e9s, por\nlos graves golpes recibidos. <\/p>\n\n\n\n<p>El Juez de Garant\u00eda,\ndetermin\u00f3 para Almonacid, las medidas cautelares de arraigo nacional y firma\nmensual.<\/p>\n\n\n\n<p>\u00cdtalo Bravo,\nen tanto, &nbsp;el t\u00e9cnico en prevenci\u00f3n de\nriesgos contratado por la Municipalidad para dicha ocasi\u00f3n, ser\u00e1 formalizado\npor estos hechos pr\u00f3ximamente.<\/p>\n\n\n\n<p>Cabe indicar\nque el hecho ocurre el 21 de diciembre de 2018, en horas de la tarde, en\navenida Costanera del Estrecho, en un sector conocido como Plaza Quinto\nCentenario donde se present\u00f3 el grupo musical \u201cSanta Feria\u201d en un espect\u00e1culo\norganizado por la Municipalidad de Punta Arenas para celebrar el solsticio de\nverano, banda que toc\u00f3 frente a cerca de 5 mil personas que concurrieron al\nlugar.<\/p>\n\n\n\n<p>El Fiscal\nindic\u00f3 que para estos efectos se hab\u00eda provisto en el lugar un escenario\ncompuesto por estructuras independientes las cuales se armaron sobre una\nexplanada por parte de la Unidad de Eventos de la Municipalidad de Punta Arenas,\ninstalando la torre de iluminaci\u00f3n&nbsp; una\nempresa privada.<\/p>\n\n\n\n<p>Agreg\u00f3 que una\nvez que hab\u00eda finalizado la presentaci\u00f3n de la banda, corriendo vientos entre\nlos 5 y 12 kil\u00f3metros por hora y debido a los errores cometidos e infracciones\nreglamentarias en el armado de los andamios, que incidieron en la falta de\nestabilidad de los mismos y la instalaci\u00f3n de malla que recarg\u00f3 la estructura, \u00e9ste\nse desplom\u00f3, derrumb\u00e1ndose parcialmente sobre el p\u00fablico, lesionando levemente\na 9 personas y a una v\u00edctima de gravedad la cual sufri\u00f3 &nbsp;fracturas costales y politraumatismos que\nocasionar\u00edan un posterior shock s\u00e9ptico y su consecuente fallecimiento con fecha\n27 de febrero de 2019.<\/p>\n","protected":false},"excerpt":{"rendered":"<p>El Fiscal Sebasti\u00e1n Gonz\u00e1lez formaliz\u00f3, hoy, al encargado de la Unidad de Eventos de la Municipalidad de Punta Arenas,&nbsp; Jos\u00e9 Almonacid, como autor de cuasidelito de homicidio al no cumplir&#8230; <a class=\"read-more\" href=\"https:\/\/www.radiopresidenteibanez.cl\/web\/fue-formalizado-encargado-de-eventos-por-caida-de-escenario-durante-show-artistico\/\">Leer m\u00e1s<\/a><\/p>\n","protected":false},"author":2,"featured_media":14933,"comment_status":"closed","ping_status":"closed","sticky":false,"template":"","format":"standard","meta":{"footnotes":""},"categories":[1],"tags":[],"class_list":["post-14932","post","type-post","status-publish","format-standard","has-post-thumbnail","hentry","category-cronica"],"_links":{"self":[{"href":"https:\/\/www.radiopresidenteibanez.cl\/web\/wp-json\/wp\/v2\/posts\/14932","targetHints":{"allow":["GET"]}}],"collection":[{"href":"https:\/\/www.radiopresidenteibanez.cl\/web\/wp-json\/wp\/v2\/posts"}],"about":[{"href":"https:\/\/www.radiopresidenteibanez.cl\/web\/wp-json\/wp\/v2\/types\/post"}],"author":[{"embeddable":true,"href":"https:\/\/www.radiopresidenteibanez.cl\/web\/wp-json\/wp\/v2\/users\/2"}],"replies":[{"embeddable":true,"href":"https:\/\/www.radiopresidenteibanez.cl\/web\/wp-json\/wp\/v2\/comments?post=14932"}],"version-history":[{"count":0,"href":"https:\/\/www.radiopresidenteibanez.cl\/web\/wp-json\/wp\/v2\/posts\/14932\/revisions"}],"wp:featuredmedia":[{"embeddable":true,"href":"https:\/\/www.radiopresidenteibanez.cl\/web\/wp-json\/wp\/v2\/media\/14933"}],"wp:attachment":[{"href":"https:\/\/www.radiopresidenteibanez.cl\/web\/wp-json\/wp\/v2\/media?parent=14932"}],"wp:term":[{"taxonomy":"category","embeddable":true,"href":"https:\/\/www.radiopresidenteibanez.cl\/web\/wp-json\/wp\/v2\/categories?post=14932"},{"taxonomy":"post_tag","embeddable":true,"href":"https:\/\/www.radiopresidenteibanez.cl\/web\/wp-json\/wp\/v2\/tags?post=14932"}],"curies":[{"name":"wp","href":"https:\/\/api.w.org\/{rel}","templated":true}]}}