{"id":14930,"date":"2020-09-25T16:11:43","date_gmt":"2020-09-25T16:11:43","guid":{"rendered":"https:\/\/www.radiopresidenteibanez.cl\/web\/?p=14930"},"modified":"2020-09-25T16:11:48","modified_gmt":"2020-09-25T16:11:48","slug":"se-extiende-plazo-para-postular-a-fondos-concursables-enap-impulsa-magallanes-2020","status":"publish","type":"post","link":"https:\/\/www.radiopresidenteibanez.cl\/web\/se-extiende-plazo-para-postular-a-fondos-concursables-enap-impulsa-magallanes-2020\/","title":{"rendered":"SE EXTIENDE PLAZO PARA POSTULAR A FONDOS CONCURSABLES ENAP IMPULSA MAGALLANES 2020"},"content":{"rendered":"\n<p>Teniendo como principal desaf\u00edo apoyar la reactivaci\u00f3n econ\u00f3mica a trav\u00e9s\nde iniciativas que permitan hacer frente a la pandemia, ENAP extender\u00e1 el plazo\npara postular a sus Fondos Concursables Impulsa Magallanes 2020, lanzados el\npasado 24 de agosto.<\/p>\n\n\n\n<p>Si bien la fecha inicial de cierre era el 28 de septiembre, la empresa\ndetermin\u00f3 extender las postulaciones hasta el 05 de octubre, a las 12:00 horas,\na ra\u00edz de las dificultades generadas por las cuarentenas vigentes en Punta\nArenas, Porvenir y Puerto Natales. <\/p>\n\n\n\n<p>\u201cEstamos conscientes de lo complejo que ha sido este per\u00edodo,\nespecialmente en Punta Arenas, donde llevamos m\u00e1s de un mes en cuarentena. Esta\ncondici\u00f3n ha impedido que las organizaciones realicen cotizaciones\npresenciales, sumado a que no siempre existe un f\u00e1cil acceso a Internet. Por\nello, acogemos la solicitud de dar m\u00e1s plazo que nos han planteado las\norganizaciones sociales y vecinales. El resto de los requisitos se mantienen\u201d,\nexplic\u00f3 <strong>Alfonso Pacheco, <\/strong>jefe de Comunidades y RSE de ENAP Magallanes.\n<\/p>\n\n\n\n<p>Los fondos est\u00e1n orientados a\norganizaciones sociales y juntas de vecinos con tres focos prioritarios:<\/p>\n\n\n\n<p>\u2022&nbsp;&nbsp;&nbsp;&nbsp;&nbsp;&nbsp;&nbsp;&nbsp;&nbsp;&nbsp;&nbsp; Impulsar la reactivaci\u00f3n econ\u00f3mica y\nel emprendimiento: potenciar econom\u00edas locales y actividades productivas.<\/p>\n\n\n\n<p>\u2022&nbsp;&nbsp;&nbsp;&nbsp;&nbsp;&nbsp;&nbsp;&nbsp;&nbsp;&nbsp;&nbsp; Adaptaci\u00f3n al Covid-19: incentivar\niniciativas locales de prevenci\u00f3n y protecci\u00f3n sanitaria frente al virus.<\/p>\n\n\n\n<p>\u2022&nbsp;&nbsp;&nbsp;&nbsp;&nbsp;&nbsp;&nbsp;&nbsp;&nbsp;&nbsp;&nbsp; Mejoramiento de infraestructura\ncomunitaria: habilitar espacios seguros de uso colectivo.<\/p>\n\n\n\n<p>En Magallanes, las comunas que\npueden postular a los fondos son Punta Arenas, Puerto Natales, Primavera,\nPorvenir y San Gregorio, siendo el principal prop\u00f3sito potenciar iniciativas\nque surjan desde los propios vecinos y que aborden sus necesidades y\npreocupaciones en medio de la pandemia.<\/p>\n\n\n\n<p>Para el caso de Magallanes, este\na\u00f1o se dispone de un total de $20 millones, permitiendo que cada proyecto\npostule por un monto m\u00ednimo de $300.000 y un m\u00e1ximo de $1 mill\u00f3n.<\/p>\n\n\n\n<p>Para consultas, contactarse con Susana\nCalixto, <a href=\"mailto:scalixto@enap.cl\">scalixto@enap.cl<\/a>, tel\u00e9fono +56 9\n42316383, o \u00c9rica Hidalgo, <a href=\"mailto:ehidalgo@enap.cl\">ehidalgo@enap.cl<\/a>,\ntel\u00e9fono +56 9 88198872. <\/p>\n\n\n\n<p>Las bases de este Fondo\nConcursable, adem\u00e1s del formulario de postulaci\u00f3n, est\u00e1n disponibles en un link\npublicado en el Facebook de ENAP Magallanes y en la web de ENAP (<a href=\"http:\/\/www.enap.cl\">www.enap.cl<\/a>).<\/p>\n","protected":false},"excerpt":{"rendered":"<p>Teniendo como principal desaf\u00edo apoyar la reactivaci\u00f3n econ\u00f3mica a trav\u00e9s de iniciativas que permitan hacer frente a la pandemia, ENAP extender\u00e1 el plazo para postular a sus Fondos Concursables Impulsa&#8230; <a class=\"read-more\" href=\"https:\/\/www.radiopresidenteibanez.cl\/web\/se-extiende-plazo-para-postular-a-fondos-concursables-enap-impulsa-magallanes-2020\/\">Leer m\u00e1s<\/a><\/p>\n","protected":false},"author":2,"featured_media":14383,"comment_status":"closed","ping_status":"closed","sticky":false,"template":"","format":"standard","meta":{"footnotes":""},"categories":[1],"tags":[],"class_list":["post-14930","post","type-post","status-publish","format-standard","has-post-thumbnail","hentry","category-cronica"],"_links":{"self":[{"href":"https:\/\/www.radiopresidenteibanez.cl\/web\/wp-json\/wp\/v2\/posts\/14930","targetHints":{"allow":["GET"]}}],"collection":[{"href":"https:\/\/www.radiopresidenteibanez.cl\/web\/wp-json\/wp\/v2\/posts"}],"about":[{"href":"https:\/\/www.radiopresidenteibanez.cl\/web\/wp-json\/wp\/v2\/types\/post"}],"author":[{"embeddable":true,"href":"https:\/\/www.radiopresidenteibanez.cl\/web\/wp-json\/wp\/v2\/users\/2"}],"replies":[{"embeddable":true,"href":"https:\/\/www.radiopresidenteibanez.cl\/web\/wp-json\/wp\/v2\/comments?post=14930"}],"version-history":[{"count":0,"href":"https:\/\/www.radiopresidenteibanez.cl\/web\/wp-json\/wp\/v2\/posts\/14930\/revisions"}],"wp:featuredmedia":[{"embeddable":true,"href":"https:\/\/www.radiopresidenteibanez.cl\/web\/wp-json\/wp\/v2\/media\/14383"}],"wp:attachment":[{"href":"https:\/\/www.radiopresidenteibanez.cl\/web\/wp-json\/wp\/v2\/media?parent=14930"}],"wp:term":[{"taxonomy":"category","embeddable":true,"href":"https:\/\/www.radiopresidenteibanez.cl\/web\/wp-json\/wp\/v2\/categories?post=14930"},{"taxonomy":"post_tag","embeddable":true,"href":"https:\/\/www.radiopresidenteibanez.cl\/web\/wp-json\/wp\/v2\/tags?post=14930"}],"curies":[{"name":"wp","href":"https:\/\/api.w.org\/{rel}","templated":true}]}}