{"id":14927,"date":"2020-09-25T16:09:49","date_gmt":"2020-09-25T16:09:49","guid":{"rendered":"https:\/\/www.radiopresidenteibanez.cl\/web\/?p=14927"},"modified":"2020-09-25T16:09:54","modified_gmt":"2020-09-25T16:09:54","slug":"incidente-lancha-a-motor-paulina-daniela-i","status":"publish","type":"post","link":"https:\/\/www.radiopresidenteibanez.cl\/web\/incidente-lancha-a-motor-paulina-daniela-i\/","title":{"rendered":"INCIDENTE LANCHA A MOTOR \u201cPAULINA DANIELA I\u201d"},"content":{"rendered":"\n<p>En atenci\u00f3n a lo informado por diversos medios de comunicaci\u00f3n, en relaci\u00f3n al caso de los tripulantes de la Lancha a Motor \u201cPaulina Daniela I\u201d, la Autoridad Mar\u00edtima a trav\u00e9s de comunicaci\u00f3n telef\u00f3nica de los Guardias de Seguridad del Terminal Pesquero de Puerto Natales, recibi\u00f3 la informaci\u00f3n el d\u00eda 18 de septiembre que la citada nave se dirig\u00eda a puerto con un tripulante con sintomatolog\u00eda vinculado a un posible caso de Covid-19, no requiriendo evacuaci\u00f3n m\u00e9dica.<\/p>\n\n\n\n<p>Recalando la nave durante la jornada del 19 de septiembre, en donde la Autoridad Mar\u00edtima en coordinaci\u00f3n con la Seremia de Salud ejecutaron el procedimiento, estando presente en el momento de la recalada de la embarcaci\u00f3n y efectuando todos los protocolos establecidos en el actual contexto de emergencia sanitaria.<\/p>\n\n\n\n<p>De esta manera, se procedi\u00f3 a derivar al tripulante con sintomatolog\u00eda al Hospital de Natales, esperando junto a los miembros de la tripulaci\u00f3n 1 hora y 30 minutos el arribo de la ambulancia, esto debido a la alta demanda de la Unidad del SAMU de la ciudad, realiz\u00e1ndose en el centro asistencial la evaluaci\u00f3n m\u00e9dica y la toma de ex\u00e1menes establecidos.<\/p>\n\n\n\n<p>La Capitan\u00eda de Puerto de Puerto Natales, recuerda que ante cualquier emergencia declarada en la zona, que afecte a la seguridad de la vida humana en el mar, asociada a la tripulaci\u00f3n y\/o nave, deber\u00e1n efectuar el llamado al n\u00famero de Emergencias Mar\u00edtimas 137 o por el medio de comunicaci\u00f3n m\u00e1s expedito, para solicitar el salvamento y asistencia necesaria, a trav\u00e9s de sus Armadores o Contactos en Tierra, debidamente acreditados ante la Autoridad Mar\u00edtima, objeto de canalizar el auxilio a trav\u00e9s de medios civiles o institucionales, que est\u00e9n m\u00e1s pr\u00f3ximos a la emergencia declarada, como se ha desarrollado hist\u00f3ricamente en diversos casos.<\/p>\n","protected":false},"excerpt":{"rendered":"<p>En atenci\u00f3n a lo informado por diversos medios de comunicaci\u00f3n, en relaci\u00f3n al caso de los tripulantes de la Lancha a Motor \u201cPaulina Daniela I\u201d, la Autoridad Mar\u00edtima a trav\u00e9s&#8230; <a class=\"read-more\" href=\"https:\/\/www.radiopresidenteibanez.cl\/web\/incidente-lancha-a-motor-paulina-daniela-i\/\">Leer m\u00e1s<\/a><\/p>\n","protected":false},"author":2,"featured_media":14928,"comment_status":"closed","ping_status":"closed","sticky":false,"template":"","format":"standard","meta":{"footnotes":""},"categories":[1],"tags":[],"class_list":["post-14927","post","type-post","status-publish","format-standard","has-post-thumbnail","hentry","category-cronica"],"_links":{"self":[{"href":"https:\/\/www.radiopresidenteibanez.cl\/web\/wp-json\/wp\/v2\/posts\/14927","targetHints":{"allow":["GET"]}}],"collection":[{"href":"https:\/\/www.radiopresidenteibanez.cl\/web\/wp-json\/wp\/v2\/posts"}],"about":[{"href":"https:\/\/www.radiopresidenteibanez.cl\/web\/wp-json\/wp\/v2\/types\/post"}],"author":[{"embeddable":true,"href":"https:\/\/www.radiopresidenteibanez.cl\/web\/wp-json\/wp\/v2\/users\/2"}],"replies":[{"embeddable":true,"href":"https:\/\/www.radiopresidenteibanez.cl\/web\/wp-json\/wp\/v2\/comments?post=14927"}],"version-history":[{"count":0,"href":"https:\/\/www.radiopresidenteibanez.cl\/web\/wp-json\/wp\/v2\/posts\/14927\/revisions"}],"wp:featuredmedia":[{"embeddable":true,"href":"https:\/\/www.radiopresidenteibanez.cl\/web\/wp-json\/wp\/v2\/media\/14928"}],"wp:attachment":[{"href":"https:\/\/www.radiopresidenteibanez.cl\/web\/wp-json\/wp\/v2\/media?parent=14927"}],"wp:term":[{"taxonomy":"category","embeddable":true,"href":"https:\/\/www.radiopresidenteibanez.cl\/web\/wp-json\/wp\/v2\/categories?post=14927"},{"taxonomy":"post_tag","embeddable":true,"href":"https:\/\/www.radiopresidenteibanez.cl\/web\/wp-json\/wp\/v2\/tags?post=14927"}],"curies":[{"name":"wp","href":"https:\/\/api.w.org\/{rel}","templated":true}]}}