{"id":14921,"date":"2020-09-25T15:00:10","date_gmt":"2020-09-25T15:00:10","guid":{"rendered":"https:\/\/www.radiopresidenteibanez.cl\/web\/?p=14921"},"modified":"2020-09-25T15:00:15","modified_gmt":"2020-09-25T15:00:15","slug":"cchc-punta-arenas-conocio-proyectos-portuarios-para-magallanes","status":"publish","type":"post","link":"https:\/\/www.radiopresidenteibanez.cl\/web\/cchc-punta-arenas-conocio-proyectos-portuarios-para-magallanes\/","title":{"rendered":"CCHC PUNTA ARENAS CONOCI\u00d3 PROYECTOS PORTUARIOS PARA MAGALLANES"},"content":{"rendered":"\n<p>Para conocer en detalle cu\u00e1l es la situaci\u00f3n actual de los sectores productivos en la regi\u00f3n de Magallanes en \u00e9poca de pandemia es que la C\u00e1mara Chilena de la Construcci\u00f3n Punta Arenas ha agendado m\u00faltiples reuniones con otros gremios, asociaciones y empresas locales.<\/p>\n\n\n\n<p>El \u00faltimo encuentro se realiz\u00f3 v\u00eda online con representantes de la Empresa Portuaria Austral (EPA). En la oportunidad, la organizaci\u00f3n dio a conocer la cartera de proyectos para lo que queda del 2020 y el pr\u00f3ximo 2021. De acuerdo a lo se\u00f1alado, en los pr\u00f3ximos a\u00f1os la EPA impulsar\u00e1 varias obras emblem\u00e1ticas en la regi\u00f3n, incluyendo adem\u00e1s de trabajos menores y de mantenimiento regular.<\/p>\n\n\n\n<p>\u201cConocer las inquietudes de la EPA y sus proyectos a futuro nos ha entregado un completo panorama en cuanto a inversiones del \u00e1mbito portuario en nuestra regi\u00f3n. La Empresa Portuaria tiene obras relevantes que est\u00e1n en diferentes etapas de avance para ser licitadas, tales como: la ampliaci\u00f3n del Muelle Prat, la remodelaci\u00f3n del Terminal de Pasajeros ubicado en el Muelle Prat, y el refuerzo de pilares y mejoras en la explanada del Muelle Mardones en Punta Arenas; mientras que en Puerto Natales tambi\u00e9n se est\u00e1 trabajando en las primeras etapas para ampliar el Muelle, lo que en conjunto permitir\u00e1 mejorar el desempe\u00f1o en el transporte de carga y pasajeros\u201d, se\u00f1al\u00f3 Carlos Braun, presidente de CChC Punta Arenas.<\/p>\n\n\n\n<p>En los pr\u00f3ximos d\u00edas, la CChC Punta Arenas sostendr\u00e1 m\u00e1s reuniones con otros gremios y serem\u00edas locales para conocer las distintas iniciativas que hoy se est\u00e1n analizando.<\/p>\n\n\n\n<p>\u201cPara reactivar la econom\u00eda regional debemos realizar esfuerzos conjuntos y as\u00ed lograr levantar proyectos y, en consecuencia, generar puestos de trabajo. Por eso, como C\u00e1mara estamos realizando un trabajo constante, al reunirnos con las autoridades regionales y con representantes de distintos gremios, tanto para conocer sus proyectos y planificaci\u00f3n como para compartir nuestro Protocolo Sanitario con medidas que pueden aplicarse en m\u00faltiples lugares\u201d, concluy\u00f3 Braun.<br><\/p>\n","protected":false},"excerpt":{"rendered":"<p>Para conocer en detalle cu\u00e1l es la situaci\u00f3n actual de los sectores productivos en la regi\u00f3n de Magallanes en \u00e9poca de pandemia es que la C\u00e1mara Chilena de la Construcci\u00f3n&#8230; <a class=\"read-more\" href=\"https:\/\/www.radiopresidenteibanez.cl\/web\/cchc-punta-arenas-conocio-proyectos-portuarios-para-magallanes\/\">Leer m\u00e1s<\/a><\/p>\n","protected":false},"author":2,"featured_media":14922,"comment_status":"closed","ping_status":"closed","sticky":false,"template":"","format":"standard","meta":{"footnotes":""},"categories":[1],"tags":[],"class_list":["post-14921","post","type-post","status-publish","format-standard","has-post-thumbnail","hentry","category-cronica"],"_links":{"self":[{"href":"https:\/\/www.radiopresidenteibanez.cl\/web\/wp-json\/wp\/v2\/posts\/14921","targetHints":{"allow":["GET"]}}],"collection":[{"href":"https:\/\/www.radiopresidenteibanez.cl\/web\/wp-json\/wp\/v2\/posts"}],"about":[{"href":"https:\/\/www.radiopresidenteibanez.cl\/web\/wp-json\/wp\/v2\/types\/post"}],"author":[{"embeddable":true,"href":"https:\/\/www.radiopresidenteibanez.cl\/web\/wp-json\/wp\/v2\/users\/2"}],"replies":[{"embeddable":true,"href":"https:\/\/www.radiopresidenteibanez.cl\/web\/wp-json\/wp\/v2\/comments?post=14921"}],"version-history":[{"count":0,"href":"https:\/\/www.radiopresidenteibanez.cl\/web\/wp-json\/wp\/v2\/posts\/14921\/revisions"}],"wp:featuredmedia":[{"embeddable":true,"href":"https:\/\/www.radiopresidenteibanez.cl\/web\/wp-json\/wp\/v2\/media\/14922"}],"wp:attachment":[{"href":"https:\/\/www.radiopresidenteibanez.cl\/web\/wp-json\/wp\/v2\/media?parent=14921"}],"wp:term":[{"taxonomy":"category","embeddable":true,"href":"https:\/\/www.radiopresidenteibanez.cl\/web\/wp-json\/wp\/v2\/categories?post=14921"},{"taxonomy":"post_tag","embeddable":true,"href":"https:\/\/www.radiopresidenteibanez.cl\/web\/wp-json\/wp\/v2\/tags?post=14921"}],"curies":[{"name":"wp","href":"https:\/\/api.w.org\/{rel}","templated":true}]}}