{"id":14918,"date":"2020-09-25T14:52:37","date_gmt":"2020-09-25T14:52:37","guid":{"rendered":"https:\/\/www.radiopresidenteibanez.cl\/web\/?p=14918"},"modified":"2020-09-25T14:52:42","modified_gmt":"2020-09-25T14:52:42","slug":"seremi-de-energia-de-magallanes-resalta-aporte-del-sector-energetico-y-proyectos-renovables-a-la-economia-nacional","status":"publish","type":"post","link":"https:\/\/www.radiopresidenteibanez.cl\/web\/seremi-de-energia-de-magallanes-resalta-aporte-del-sector-energetico-y-proyectos-renovables-a-la-economia-nacional\/","title":{"rendered":"SEREMI DE ENERG\u00cdA DE MAGALLANES RESALTA APORTE DEL SECTOR ENERG\u00c9TICO Y PROYECTOS RENOVABLES A LA ECONOM\u00cdA NACIONAL"},"content":{"rendered":"\n<p>Luego de recibir el&nbsp;\u00faltimo reporte&nbsp;preparado por la Divisi\u00f3n de Desarrollo de Proyectos del Ministerio de Energ\u00eda (en base a la&nbsp;Corporaci\u00f3n de Bienes de Capital, (CBC2020a), el SEREMI de Energ\u00eda de Magallanes, Nolberto S\u00e1ez, resalt\u00f3 el aporte del sector energ\u00e9tico a la econom\u00eda nacional.<\/p>\n\n\n\n<p>Seg\u00fan el informe,&nbsp;el sector energ\u00e9tico fue la cuarta actividad productiva del pa\u00eds que m\u00e1s inversiones acumul\u00f3, representando el 15% (USD 14.759 millones&nbsp;en inversiones asociadas a centrales y obras de transmisi\u00f3n en construcci\u00f3n) del total nacional que alcanz\u00f3 los&nbsp;USD 111.942 millones.&nbsp;<\/p>\n\n\n\n<p>Energ\u00eda, se situ\u00f3 en esta posici\u00f3n detr\u00e1s de Obras P\u00fablicas (32%), Miner\u00eda (30%) e Inmobiliario (17%); mientras que muy por debajo de estas cuatro \u00e1reas productivas, el quinto lugar recay\u00f3 en el sector industrial (2%) y finalmente el 4% restante, otros rubros.<\/p>\n\n\n\n<p><strong>CRECIMIENTO SOSTENIDO<\/strong><\/p>\n\n\n\n<p>\u201cNuestro ministro, Juan Carlos Jobet, ha sido muy claro al destacar el crecimiento y aporte del sector energ\u00e9tico a la econom\u00eda nacional\u201d.<\/p>\n\n\n\n<p>Seg\u00fan el SEREMI S\u00e1ez, pese a los efectos de la pandemia, los proyectos energ\u00e9ticos han continuado su avance, pasando por las diversas etapas de evaluaci\u00f3n, \u201clo que ha significado a la fecha, por ejemplo, disponer a nivel pa\u00eds, de una capacidad instalada neta de&nbsp;25.132 MW, la planta de concentrador solar Cerro Dominador,<\/p>\n\n\n\n<p>contar con 14 nuevas centrales e\u00f3licas en fase de operaci\u00f3n (Vientos Patag\u00f3nicos una de ellas), 31 centrales solares en fase de prueba y 759 km de l\u00edneas de transmisi\u00f3n que actualmente est\u00e1n construy\u00e9ndose\u201d.<\/p>\n\n\n\n<p>El titular regional de Energ\u00eda a\u00f1adi\u00f3 que si se observa el gr\u00e1fico sobre la evoluci\u00f3n de la capacidad neta instalada de ERNC en la matriz energ\u00e9tica nacional, entre marzo de 2007 y agosto de 2020, se apreciar\u00e1 un crecimiento sostenido.<\/p>\n\n\n\n<p>\u201cDe acuerdo a CNE, nuestra matriz energ\u00e9tica nacional est\u00e1 compuesta por 25.132 MW de capacidad neta instalada, de los cuales el 49, 5% corresponde a Renovables y el 24, 2% a ERNC. &nbsp;&nbsp;<\/p>\n\n\n\n<p>\u201d En Magallanes, cuando entre en operaci\u00f3n el parque e\u00f3lico de Cabo Negro, \u201cVientos Patag\u00f3nicos\u201d, las ERNC incrementar\u00e1n su aporte a la matriz energ\u00e9tica regional de 2%, a un 18%; un salto cuantitativo que, como regi\u00f3n, nos pone desaf\u00edos cada vez m\u00e1s ambiciosos en sostenibilidad y eficiencia energ\u00e9tica\u201d.<\/p>\n\n\n\n<p><strong>HIDR\u00d3GENO VERDE<\/strong><\/p>\n\n\n\n<p>Recientemente, el secretario de Estado particip\u00f3 en el Clean Energy Ministerial Meeting (CEM) organizado por Arabia Saudita, donde expuso los avances del pa\u00eds en materia de energ\u00edas sostenibles, legislaci\u00f3n, carbononeutralidad, descarbonizaci\u00f3n e hidr\u00f3geno verde, entre otros.<\/p>\n\n\n\n<p>\u201cTenemos tremendas ventajas competitivas para ser l\u00edderes mundiales en producci\u00f3n y exportaci\u00f3n de hidr\u00f3geno verde gracias a nuestro enorme potencial de energ\u00edas renovables como la e\u00f3lica y la solar. El hidr\u00f3geno verde nos permitir\u00e1 desarrollar un nuevo polo de progreso a nivel nacional y ser\u00e1 fuente de generaci\u00f3n de empleos locales, en particular para las regiones del Norte y Sur del pa\u00eds\u201d, explic\u00f3 el Ministro de Energ\u00eda, Juan Carlos Jobet, proyectando que Chile en el largo plazo podr\u00eda llegar a exportar hidr\u00f3geno verde al mundo por el equivalente a USD 35 mil millones, lo mismo que hoy exportamos en cobre\u201d.<\/p>\n\n\n\n<p>\u201cChile est\u00e1 siendo observado por todo el mundo, gracias a este gran potencial, que es, por cierto, la materia prima clave para la producci\u00f3n de hidr\u00f3geno verde\u201d, complement\u00f3 el SEREMI S\u00e1ez.<\/p>\n\n\n\n<p>En este sentido, S\u00e1ez valor\u00f3 el trabajo que el ministro Jobet y el subsecretario Francisco L\u00f3pez est\u00e1n liderando en materia de energ\u00edas limpias.<\/p>\n\n\n\n<p>\u201cEsta semana, el ministro Jobet dijo a EmolTV que las expectativas que se abren para el pa\u00eds al darle continuidad a la pol\u00edtica p\u00fablica energ\u00e9tica, tal como tradicionalmente lo ha venido haciendo el pa\u00eds en esta materia, fortalecer\u00e1 los pasos que estamos dando a trav\u00e9s de la Ruta Energ\u00e9tica de Chile 2018 \u2013 2022\u201d, sostuvo la autoridad regional de Energ\u00eda.<\/p>\n\n\n\n<p>\u201cEl camino que hemos avanzado -agreg\u00f3 S\u00e1ez- lo hemos ido construyendo de la mano de ex autoridades, ex ministros, acad\u00e9micos, ciudadan\u00eda, sector privado e institucionalidad p\u00fablica, a fin de elaborar las regulaciones que los nuevos escenarios y desaf\u00edos energ\u00e9ticos nos est\u00e1n demandando; y esto, poniendo siempre primero y en el centro de las preocupaciones del Gobierno del Presidente Sebasti\u00e1n Pi\u00f1era, a nuestros compatriotas, lo cual se ha llevado a cabo manteniendo el sello de seriedad y estabilidad que otorga la certeza jur\u00eddica de una naci\u00f3n. Todas ellas, caracter\u00edsticas distintivas de Chile\u201d.<\/p>\n\n\n\n<p><strong>SUMMIT CHILE 2020<\/strong><strong>&nbsp;&nbsp;&nbsp;&nbsp;&nbsp;&nbsp;<\/strong><\/p>\n\n\n\n<p>Dadas las condiciones naturales de nuestro territorio, Chile se posiciona&nbsp;como uno de los pa\u00edses que en las pr\u00f3ximas d\u00e9cadas podr\u00eda liderar la producci\u00f3n y exportaci\u00f3n del hidr\u00f3geno verde en el mundo.<\/p>\n\n\n\n<p>Es por eso que el Green Hydrogen Summit Chile 2020, organizado por el Ministerio de Energ\u00eda, Corfo y la Agencia Internacional GIZ, se erige como el evento regional m\u00e1s importante sobre esta tem\u00e1tica, y ya cuenta con la confirmaci\u00f3n de destacados expositores nacionales e internacionales.<\/p>\n\n\n\n<p>El encuentro, completamente gratuito, se realizar\u00e1 el 3 y 4 de noviembre en forma virtual y espera una participaci\u00f3n superior a las cinco mil personas de distintas partes del orbe. La actividad incluir\u00e1 una Feria Tecnol\u00f3gica Virtual abierta y Rondas de Negocios, que buscan conectar las ofertas de bienes y servicios, tanto nacionales como internacionales, en todo el proceso de producci\u00f3n del hidr\u00f3geno verde.<\/p>\n","protected":false},"excerpt":{"rendered":"<p>Luego de recibir el&nbsp;\u00faltimo reporte&nbsp;preparado por la Divisi\u00f3n de Desarrollo de Proyectos del Ministerio de Energ\u00eda (en base a la&nbsp;Corporaci\u00f3n de Bienes de Capital, (CBC2020a), el SEREMI de Energ\u00eda de&#8230; <a class=\"read-more\" href=\"https:\/\/www.radiopresidenteibanez.cl\/web\/seremi-de-energia-de-magallanes-resalta-aporte-del-sector-energetico-y-proyectos-renovables-a-la-economia-nacional\/\">Leer m\u00e1s<\/a><\/p>\n","protected":false},"author":2,"featured_media":14919,"comment_status":"closed","ping_status":"closed","sticky":false,"template":"","format":"standard","meta":{"footnotes":""},"categories":[1],"tags":[],"class_list":["post-14918","post","type-post","status-publish","format-standard","has-post-thumbnail","hentry","category-cronica"],"_links":{"self":[{"href":"https:\/\/www.radiopresidenteibanez.cl\/web\/wp-json\/wp\/v2\/posts\/14918","targetHints":{"allow":["GET"]}}],"collection":[{"href":"https:\/\/www.radiopresidenteibanez.cl\/web\/wp-json\/wp\/v2\/posts"}],"about":[{"href":"https:\/\/www.radiopresidenteibanez.cl\/web\/wp-json\/wp\/v2\/types\/post"}],"author":[{"embeddable":true,"href":"https:\/\/www.radiopresidenteibanez.cl\/web\/wp-json\/wp\/v2\/users\/2"}],"replies":[{"embeddable":true,"href":"https:\/\/www.radiopresidenteibanez.cl\/web\/wp-json\/wp\/v2\/comments?post=14918"}],"version-history":[{"count":0,"href":"https:\/\/www.radiopresidenteibanez.cl\/web\/wp-json\/wp\/v2\/posts\/14918\/revisions"}],"wp:featuredmedia":[{"embeddable":true,"href":"https:\/\/www.radiopresidenteibanez.cl\/web\/wp-json\/wp\/v2\/media\/14919"}],"wp:attachment":[{"href":"https:\/\/www.radiopresidenteibanez.cl\/web\/wp-json\/wp\/v2\/media?parent=14918"}],"wp:term":[{"taxonomy":"category","embeddable":true,"href":"https:\/\/www.radiopresidenteibanez.cl\/web\/wp-json\/wp\/v2\/categories?post=14918"},{"taxonomy":"post_tag","embeddable":true,"href":"https:\/\/www.radiopresidenteibanez.cl\/web\/wp-json\/wp\/v2\/tags?post=14918"}],"curies":[{"name":"wp","href":"https:\/\/api.w.org\/{rel}","templated":true}]}}