{"id":14913,"date":"2020-09-24T20:11:05","date_gmt":"2020-09-24T20:11:05","guid":{"rendered":"https:\/\/www.radiopresidenteibanez.cl\/web\/?p=14913"},"modified":"2020-09-24T20:11:11","modified_gmt":"2020-09-24T20:11:11","slug":"yo-no-fui-por-pablo-cruz","status":"publish","type":"post","link":"https:\/\/www.radiopresidenteibanez.cl\/web\/yo-no-fui-por-pablo-cruz\/","title":{"rendered":"YO NO FUI por Pablo Cruz"},"content":{"rendered":"\n<p>El intendente de Magallanes, Jos\u00e9 Fern\u00e1ndez, en un\narrebato de inocencia, llam\u00f3 al Ministerio del Interior para acusar que hab\u00eda\nrumores de que habr\u00eda cambio de autoridad regional.<\/p>\n\n\n\n<p>El Ministro le contest\u00f3: \u201cqu\u00e9 bueno que haya llamado.\nEst\u00e1 despedido\u201d. Y con esa delicadeza que tiene el gobierno, y al igual que\npas\u00f3 con el ex intendente Christian Matheson,&nbsp;\nse anunci\u00f3 que Fern\u00e1ndez \u201chab\u00eda presentado su renuncia\u201d. Plop de\nFern\u00e1ndez. La verdad sea dicha, los intendentes son de la confianza del Presidente,\npor lo que este puede despedirlos cuando se le antoje, sin dar explicaciones.\nNo se entiende, entonces, ese af\u00e1n de mentir y decir que el despedido,\n\u201cpresent\u00f3 su renuncia\u201d. La mentira parece estar en el ADN del gobierno.<\/p>\n\n\n\n<p>Despu\u00e9s, en Santiago, se ech\u00f3 a correr el rumor,\nseguro desde La Moneda, que a Fern\u00e1ndez lo hab\u00edan echado por no saber controlar\nla pandemia en Magallanes.<\/p>\n\n\n\n<p>Y en busca de otro culpable, el ministro de Salud,\nEnrique Paris, declar\u00f3 que el aumento de casos en la regi\u00f3n se deb\u00eda a errores\nde laboratorios en Punta Arenas.<\/p>\n\n\n\n<p>Rapidito sali\u00f3 su subsecretario a desmentir a su jefe\ny a asegurar que no hab\u00eda errores y que tal teor\u00eda estaba descartada.<\/p>\n\n\n\n<p>En resumen, la culpa no fue del intendente saliente ni\nde los laboratorios magall\u00e1nicos, declaraci\u00f3n del ministro que fue rechazada\ncon indignaci\u00f3n por los profesionales universitarios de los servicios de salud,\nque adem\u00e1s exigen que el ministro Paris se disculpe p\u00fablicamente.<\/p>\n\n\n\n<p>En busca de otros culpables, se anunci\u00f3 la visita a la\nregi\u00f3n de los subsecretarios Z\u00fa\u00f1iga, Daza y Martorell, pero despu\u00e9s se\narrepintieron porque dijeron que aqu\u00ed hab\u00eda mucho viento.<\/p>\n\n\n\n<p>Habr\u00e1 que esperar mejor clima para que los mandamases\nde Salud averig\u00fcen qu\u00e9 funciona mal y a quien hay que echarle la culpa.<\/p>\n","protected":false},"excerpt":{"rendered":"<p>El intendente de Magallanes, Jos\u00e9 Fern\u00e1ndez, en un arrebato de inocencia, llam\u00f3 al Ministerio del Interior para acusar que hab\u00eda rumores de que habr\u00eda cambio de autoridad regional. El Ministro&#8230; <a class=\"read-more\" href=\"https:\/\/www.radiopresidenteibanez.cl\/web\/yo-no-fui-por-pablo-cruz\/\">Leer m\u00e1s<\/a><\/p>\n","protected":false},"author":2,"featured_media":10716,"comment_status":"closed","ping_status":"closed","sticky":false,"template":"","format":"standard","meta":{"footnotes":""},"categories":[1],"tags":[],"class_list":["post-14913","post","type-post","status-publish","format-standard","has-post-thumbnail","hentry","category-cronica"],"_links":{"self":[{"href":"https:\/\/www.radiopresidenteibanez.cl\/web\/wp-json\/wp\/v2\/posts\/14913","targetHints":{"allow":["GET"]}}],"collection":[{"href":"https:\/\/www.radiopresidenteibanez.cl\/web\/wp-json\/wp\/v2\/posts"}],"about":[{"href":"https:\/\/www.radiopresidenteibanez.cl\/web\/wp-json\/wp\/v2\/types\/post"}],"author":[{"embeddable":true,"href":"https:\/\/www.radiopresidenteibanez.cl\/web\/wp-json\/wp\/v2\/users\/2"}],"replies":[{"embeddable":true,"href":"https:\/\/www.radiopresidenteibanez.cl\/web\/wp-json\/wp\/v2\/comments?post=14913"}],"version-history":[{"count":0,"href":"https:\/\/www.radiopresidenteibanez.cl\/web\/wp-json\/wp\/v2\/posts\/14913\/revisions"}],"wp:featuredmedia":[{"embeddable":true,"href":"https:\/\/www.radiopresidenteibanez.cl\/web\/wp-json\/wp\/v2\/media\/10716"}],"wp:attachment":[{"href":"https:\/\/www.radiopresidenteibanez.cl\/web\/wp-json\/wp\/v2\/media?parent=14913"}],"wp:term":[{"taxonomy":"category","embeddable":true,"href":"https:\/\/www.radiopresidenteibanez.cl\/web\/wp-json\/wp\/v2\/categories?post=14913"},{"taxonomy":"post_tag","embeddable":true,"href":"https:\/\/www.radiopresidenteibanez.cl\/web\/wp-json\/wp\/v2\/tags?post=14913"}],"curies":[{"name":"wp","href":"https:\/\/api.w.org\/{rel}","templated":true}]}}