{"id":14911,"date":"2020-09-24T18:40:30","date_gmt":"2020-09-24T18:40:30","guid":{"rendered":"https:\/\/www.radiopresidenteibanez.cl\/web\/?p=14911"},"modified":"2020-09-24T18:40:38","modified_gmt":"2020-09-24T18:40:38","slug":"comunicado-de-prensa-partidos-de-oposicion-magallanes","status":"publish","type":"post","link":"https:\/\/www.radiopresidenteibanez.cl\/web\/comunicado-de-prensa-partidos-de-oposicion-magallanes\/","title":{"rendered":"COMUNICADO DE PRENSA PARTIDOS DE OPOSICI\u00d3N MAGALLANES"},"content":{"rendered":"\n<p>Como consecuencia del rotundo\nfracaso de las autoridades locales para contener la tasa de contagio por\nCovid-19 y refrenar la crisis econ\u00f3mica y social en la regi\u00f3n de Magallanes,\nesta semana, y treinta meses asumido el Gobierno de Sebasti\u00e1n Pi\u00f1era y Chile Vamos,\nse determin\u00f3 la salida del tercer Intendente Regional y el nombramiento de la\ncuarta persona en el cargo. <\/p>\n\n\n\n<p>En ese contexto los Partidos de\nOposici\u00f3n que suscriben, a la comunidad de la regi\u00f3n, declaran lo siguiente:<\/p>\n\n\n\n<ol class=\"wp-block-list\"><li>El centralismo y la ausencia de liderazgo regional\n     para convocar un trabajo de conjunto, de dise\u00f1o y acci\u00f3n colaborativo\n     entre distintos actores sociales e institucionales, son la principal causa\n     que explica la incapacidad a nivel local, para controlar la pandemia,\n     educar a la poblaci\u00f3n y contrarrestar el cierre permanente de fuentes\n     laborales y aguda cesant\u00eda.<\/li><\/ol>\n\n\n\n<ol class=\"wp-block-list\"><li>Valoramos el llamado a la unidad formulado por la\n     nueva Intendenta Regional. Sin embargo, tenemos motivos para permanecer\n     esc\u00e9pticos. El Gobierno, antes de la pandemia, desincentiv\u00f3 la fuerte inversi\u00f3n\n     p\u00fablica que tra\u00eda la regi\u00f3n y prometi\u00f3 un \u201cPlan Magallanes\u201d del que nadie\n     habla. Luego, en pandemia, ha sido su mala gesti\u00f3n la que ha impactado\n     sobre el descontrol de contagios, incivilidades, fuerte presi\u00f3n hospitalaria\n     y lo m\u00e1s triste, progresivo aumento de fallecidos, vecinos y familiares de\n     nuestra comunidad. Por lo tanto, frases bien hechas, deben ser seguidas de\n     acciones coherentes para controlar la enfermedad y la desorientaci\u00f3n que\n     se vive en las principales ciudades de la regi\u00f3n.<\/li><\/ol>\n\n\n\n<ol class=\"wp-block-list\"><li>En consecuencia, instamos a la Autoridad a conformar con urgencia una\n     Mesa Regional de Trabajo, integrada con agentes de la sociedad civil,\n     trabajadores organizados, asociaciones de salud, colegios profesionales,\n     gremios empresariales, autoridades electas y designadas. La Mesa debe\n     quedar articulada con el Consejo Regional y la funci\u00f3n parlamentaria; s\u00f3lo\n     en ese espacio de coordinaci\u00f3n se podr\u00e1n adoptar medidas m\u00e1s pertinentes y\n     eficaces, que luego sean comunicadas correctamente a la poblaci\u00f3n, en su\n     innegable papel de corresponsabilidad con la soluci\u00f3n a la grave situaci\u00f3n\n     sanitaria, econ\u00f3mica y social que enfrentamos.<\/li><\/ol>\n","protected":false},"excerpt":{"rendered":"<p>Como consecuencia del rotundo fracaso de las autoridades locales para contener la tasa de contagio por Covid-19 y refrenar la crisis econ\u00f3mica y social en la regi\u00f3n de Magallanes, esta&#8230; <a class=\"read-more\" href=\"https:\/\/www.radiopresidenteibanez.cl\/web\/comunicado-de-prensa-partidos-de-oposicion-magallanes\/\">Leer m\u00e1s<\/a><\/p>\n","protected":false},"author":2,"featured_media":740,"comment_status":"closed","ping_status":"closed","sticky":false,"template":"","format":"standard","meta":{"footnotes":""},"categories":[1],"tags":[],"class_list":["post-14911","post","type-post","status-publish","format-standard","has-post-thumbnail","hentry","category-cronica"],"_links":{"self":[{"href":"https:\/\/www.radiopresidenteibanez.cl\/web\/wp-json\/wp\/v2\/posts\/14911","targetHints":{"allow":["GET"]}}],"collection":[{"href":"https:\/\/www.radiopresidenteibanez.cl\/web\/wp-json\/wp\/v2\/posts"}],"about":[{"href":"https:\/\/www.radiopresidenteibanez.cl\/web\/wp-json\/wp\/v2\/types\/post"}],"author":[{"embeddable":true,"href":"https:\/\/www.radiopresidenteibanez.cl\/web\/wp-json\/wp\/v2\/users\/2"}],"replies":[{"embeddable":true,"href":"https:\/\/www.radiopresidenteibanez.cl\/web\/wp-json\/wp\/v2\/comments?post=14911"}],"version-history":[{"count":0,"href":"https:\/\/www.radiopresidenteibanez.cl\/web\/wp-json\/wp\/v2\/posts\/14911\/revisions"}],"wp:featuredmedia":[{"embeddable":true,"href":"https:\/\/www.radiopresidenteibanez.cl\/web\/wp-json\/wp\/v2\/media\/740"}],"wp:attachment":[{"href":"https:\/\/www.radiopresidenteibanez.cl\/web\/wp-json\/wp\/v2\/media?parent=14911"}],"wp:term":[{"taxonomy":"category","embeddable":true,"href":"https:\/\/www.radiopresidenteibanez.cl\/web\/wp-json\/wp\/v2\/categories?post=14911"},{"taxonomy":"post_tag","embeddable":true,"href":"https:\/\/www.radiopresidenteibanez.cl\/web\/wp-json\/wp\/v2\/tags?post=14911"}],"curies":[{"name":"wp","href":"https:\/\/api.w.org\/{rel}","templated":true}]}}