{"id":14908,"date":"2020-09-24T18:37:44","date_gmt":"2020-09-24T18:37:44","guid":{"rendered":"https:\/\/www.radiopresidenteibanez.cl\/web\/?p=14908"},"modified":"2020-09-24T18:37:49","modified_gmt":"2020-09-24T18:37:49","slug":"desde-puestos-de-venta-a-telefonos-satelitales-gobierno-dispone-fondos-por-150-millones-para-potenciar-trabajo-de-pescadores-magallanicos","status":"publish","type":"post","link":"https:\/\/www.radiopresidenteibanez.cl\/web\/desde-puestos-de-venta-a-telefonos-satelitales-gobierno-dispone-fondos-por-150-millones-para-potenciar-trabajo-de-pescadores-magallanicos\/","title":{"rendered":"DESDE PUESTOS DE VENTA A TEL\u00c9FONOS SATELITALES: GOBIERNO DISPONE FONDOS POR $150 MILLONES PARA POTENCIAR TRABAJO DE PESCADORES MAGALL\u00c1NICOS"},"content":{"rendered":"\n<p>A un fondo concursable por $150 millones pueden optar pescadores de Magallanes, en el marco de una iniciativa del Gobierno que busca potenciar el trabajo del sector artesanal de la Regi\u00f3n.\u00a0<br> <br> Los recursos disponibles les permitir\u00e1n financiar proyectos tan diversos como habilitaci\u00f3n de locales de venta, compra de elementos de trabajo para el cultivo de choritos, o mejoras en la seguridad de las faenas, mediante la adquisi\u00f3n de tel\u00e9fonos satelitales y equipos de radio.El concurso -ejecutado a trav\u00e9s del Indespa, organismo dependiente del Ministerio de Econom\u00eda, Fomento y Turismo- apoya de modo concreto a los pescadores de Magallanes, cuya actividad se ha visto afectada por la pandemia.\u00a0<\/p>\n\n\n\n<p>Al dar a conocer los detalles de la iniciativa, a trav\u00e9s de una videoconferencia con pescadores y autoridades de la zona, el Subsecretario de Pesca y Acuicultura, Rom\u00e1n Zelaya, llam\u00f3 al sector artesanal de la Regi\u00f3n a informarse sobre las l\u00edneas de financiamiento disponibles, y destac\u00f3 que uno de los focos de la convocatoria est\u00e1 puesto en la diversificaci\u00f3n productiva y en la agregaci\u00f3n de valor. <\/p>\n\n\n\n<p>\u201cAc\u00e1 lo\nrelevante es que el tipo de proyecto estar\u00e1 definido precisamente por las\npropias organizaciones y postulantes, son ellos quienes deben evaluar cu\u00e1les\nson los mejores proyectos para el desarrollo de su actividad. As\u00ed, por ejemplo,\npueden presentar iniciativas en relaci\u00f3n con equipamiento de seguridad para su\nflota, habilitaci\u00f3n de locales comerciales, salas&nbsp; de proceso, en fin, todo aquello que\ncontribuya a la recuperaci\u00f3n y reactivaci\u00f3n&nbsp;\ndel sector y de la econom\u00eda regional. Creemos que estos fondos\nconstituyen una contribuci\u00f3n a esos objetivos\u201d, subray\u00f3 el Subsecretario\nZelaya.<\/p>\n\n\n\n<p>Por su parte la Seremi de Econom\u00eda, Fomento y Turismo, Natalia Easton, indic\u00f3: \u201cLa pesca artesanal es un importante sector econ\u00f3mico de Magallanes y este programa permitir\u00e1 reactivar la industria pesquera regional, permitiendo a los beneficiarios mejorar las condiciones de trabajo, logrando llegar a zonas de pesca que antes no pod\u00edan y aumentando la fuerza laboral en toda la cadena de valor\u201d.<\/p>\n\n\n\n<p>A su turno, junto con resaltar el abanico de posibilidades que el concurso abre para los pescadores magall\u00e1nicos, la Directora Zonal de Pesca y Acuicultura, Paulina Barraza, precis\u00f3 que las postulaciones deben dirigirse a Indespa (hasta el 15 de octubre), pero anticip\u00f3 que la Subsecretar\u00eda brindar\u00e1 igualmente apoyo a los interesados durante la tramitaci\u00f3n, si lo requieren.<\/p>\n\n\n\n<p>La primera de las tres l\u00edneas de inversi\u00f3n p\u00fablica que considera la iniciativa apunta al fomento de la actividad. En este plano, adem\u00e1s de diversificaci\u00f3n productiva, los pescadores tienen la posibilidad de presentar proyectos relacionados con energ\u00edas renovables, adquisici\u00f3n de equipos que no impliquen un aumento del esfuerzo pesquero (de seguridad, por ejemplo), o asesor\u00edas para mejorar la comercializaci\u00f3n de sus productos, entre otros.<br> <br> El financiamiento para la elaboraci\u00f3n de estudios de base de \u00e1reas de manejo de recursos bent\u00f3nicos (AMERB), en tanto, contempla un segundo eje de inversi\u00f3n previsto por Indespa.\u00a0<br> <br> Finalmente, la tercera l\u00ednea -centrada en comercializaci\u00f3n y administraci\u00f3n de centros productivos- permitir\u00e1, por ejemplo, que los pescadores magall\u00e1nicos requieran financiamiento para implementar salas de proceso.<br> <br> Los proyectos podr\u00e1n ser presentados individualmente por los pescadores o a trav\u00e9s de organizaciones que los representen. \u00a0<\/p>\n","protected":false},"excerpt":{"rendered":"<p>A un fondo concursable por $150 millones pueden optar pescadores de Magallanes, en el marco de una iniciativa del Gobierno que busca potenciar el trabajo del sector artesanal de la&#8230; <a class=\"read-more\" href=\"https:\/\/www.radiopresidenteibanez.cl\/web\/desde-puestos-de-venta-a-telefonos-satelitales-gobierno-dispone-fondos-por-150-millones-para-potenciar-trabajo-de-pescadores-magallanicos\/\">Leer m\u00e1s<\/a><\/p>\n","protected":false},"author":2,"featured_media":14909,"comment_status":"closed","ping_status":"closed","sticky":false,"template":"","format":"standard","meta":{"footnotes":""},"categories":[1],"tags":[],"class_list":["post-14908","post","type-post","status-publish","format-standard","has-post-thumbnail","hentry","category-cronica"],"_links":{"self":[{"href":"https:\/\/www.radiopresidenteibanez.cl\/web\/wp-json\/wp\/v2\/posts\/14908","targetHints":{"allow":["GET"]}}],"collection":[{"href":"https:\/\/www.radiopresidenteibanez.cl\/web\/wp-json\/wp\/v2\/posts"}],"about":[{"href":"https:\/\/www.radiopresidenteibanez.cl\/web\/wp-json\/wp\/v2\/types\/post"}],"author":[{"embeddable":true,"href":"https:\/\/www.radiopresidenteibanez.cl\/web\/wp-json\/wp\/v2\/users\/2"}],"replies":[{"embeddable":true,"href":"https:\/\/www.radiopresidenteibanez.cl\/web\/wp-json\/wp\/v2\/comments?post=14908"}],"version-history":[{"count":0,"href":"https:\/\/www.radiopresidenteibanez.cl\/web\/wp-json\/wp\/v2\/posts\/14908\/revisions"}],"wp:featuredmedia":[{"embeddable":true,"href":"https:\/\/www.radiopresidenteibanez.cl\/web\/wp-json\/wp\/v2\/media\/14909"}],"wp:attachment":[{"href":"https:\/\/www.radiopresidenteibanez.cl\/web\/wp-json\/wp\/v2\/media?parent=14908"}],"wp:term":[{"taxonomy":"category","embeddable":true,"href":"https:\/\/www.radiopresidenteibanez.cl\/web\/wp-json\/wp\/v2\/categories?post=14908"},{"taxonomy":"post_tag","embeddable":true,"href":"https:\/\/www.radiopresidenteibanez.cl\/web\/wp-json\/wp\/v2\/tags?post=14908"}],"curies":[{"name":"wp","href":"https:\/\/api.w.org\/{rel}","templated":true}]}}