{"id":14905,"date":"2020-09-24T13:26:11","date_gmt":"2020-09-24T13:26:11","guid":{"rendered":"https:\/\/www.radiopresidenteibanez.cl\/web\/?p=14905"},"modified":"2020-09-24T13:26:17","modified_gmt":"2020-09-24T13:26:17","slug":"cft-estatal-de-magallanes-y-liceo-polivalente-hernando-de-magallanes-de-porvenir-firman-convenio-de-cooperacion-educacional","status":"publish","type":"post","link":"https:\/\/www.radiopresidenteibanez.cl\/web\/cft-estatal-de-magallanes-y-liceo-polivalente-hernando-de-magallanes-de-porvenir-firman-convenio-de-cooperacion-educacional\/","title":{"rendered":"CFT ESTATAL DE MAGALLANES Y LICEO POLIVALENTE HERNANDO DE MAGALLANES DE PORVENIR FIRMAN CONVENIO DE COOPERACI\u00d3N EDUCACIONAL"},"content":{"rendered":"\n<p>Entre los m\u00faltiples objetivos que marcan el accionar del CFT Estatal de\nMagallanes, se encuentra generar vinculaci\u00f3n de manera directa y trascendente\ncon las instituciones de Educaci\u00f3n Media T\u00e9cnico Profesional, en ese sentido,\nel establecimiento de una relaci\u00f3n estrecha de cooperaci\u00f3n con el Liceo\nPolivalente Hernando de Magallanes de Porvenir es un paso fundamental que se\nconsolida con la firma de este convenio de cooperaci\u00f3n educacional.<\/p>\n\n\n\n<p>\u201cPara nuestra gesti\u00f3n, la firma de este convenio supone el cumplimiento de\nuno de los ejes de trabajo fundamentales de la instituci\u00f3n como lo es la\narticulaci\u00f3n con la Educaci\u00f3n Media TP. En una primera instancia, est\u00e1 enfocado\nen el desarrollo de actividades que fortalecer\u00e1n el desarrollo integral de los\nestudiantes de ambas casas de estudio, a la vez que permite sentar las bases\npara el trabajo colaborativo de revisi\u00f3n curricular y futura articulaci\u00f3n\nacad\u00e9mica\u201d, se\u00f1al\u00f3 el rector Christian Quezada Ruiz por parte del CFT Estatal\nde Magallanes.<\/p>\n\n\n\n<p>As\u00ed mismo contin\u00faa Quezada: \u201cUn alcance a destacar de este convenio es el\napoyo y orientaci\u00f3n por parte de nuestros Departamentos de Admisi\u00f3n y DAE para\nla postulaci\u00f3n a beneficios estudiantiles, as\u00ed como los descuentos en aranceles\ntanto en nuestras carreras como en otras capacitaciones, para funcionarios de\nla educaci\u00f3n como para egresados del liceo, que cumplan con las condiciones\ndetalladas en el convenio\u201d.<\/p>\n\n\n\n<p>A su vez Alex Vera Briones, director del Liceo Polivalente Hernando de\nMagallanes destaca: \u201cEste convenio de cooperaci\u00f3n constituye para nuestra\ncomunidad educativa una oportunidad de desarrollo de acciones conjuntas y\ntrabajo colaborativo tendiente a potenciar la educaci\u00f3n t\u00e9cnica local, as\u00ed como\ntambi\u00e9n fortalecer las trayectorias educativas de nuestros estudiantes. Es\naltamente significativo, no s\u00f3lo por el desarrollo de actividades de\nintercambio, sino adem\u00e1s porque ambas instituciones comparten una misi\u00f3n de\naltas expectativas en el crecimiento integral de los estudiantes.\u201d<\/p>\n\n\n\n<p>En este contexto, ambas autoridades coinciden en que este convenio\npermitir\u00e1 a los estudiantes del Liceo que ven en la educaci\u00f3n t\u00e9cnica una\noportunidad de crecimiento personal y laboral, proseguir en el CFT Estatal\nMagallanes y Ant\u00e1rtica Chilena, la especialidad de nivel superior, contando con\nel respaldo de instituciones comprometidas en fomentar acciones que potencien\nsu formaci\u00f3n aportando valor a sus trayectorias educativas.<\/p>\n\n\n\n<p>Para mayor informaci\u00f3n referente a los beneficios derivados del convenio,\nconsulte al correo admision@cftdemagallanes.cl.<\/p>\n","protected":false},"excerpt":{"rendered":"<p>Entre los m\u00faltiples objetivos que marcan el accionar del CFT Estatal de Magallanes, se encuentra generar vinculaci\u00f3n de manera directa y trascendente con las instituciones de Educaci\u00f3n Media T\u00e9cnico Profesional,&#8230; <a class=\"read-more\" href=\"https:\/\/www.radiopresidenteibanez.cl\/web\/cft-estatal-de-magallanes-y-liceo-polivalente-hernando-de-magallanes-de-porvenir-firman-convenio-de-cooperacion-educacional\/\">Leer m\u00e1s<\/a><\/p>\n","protected":false},"author":2,"featured_media":14906,"comment_status":"closed","ping_status":"closed","sticky":false,"template":"","format":"standard","meta":{"footnotes":""},"categories":[1],"tags":[],"class_list":["post-14905","post","type-post","status-publish","format-standard","has-post-thumbnail","hentry","category-cronica"],"_links":{"self":[{"href":"https:\/\/www.radiopresidenteibanez.cl\/web\/wp-json\/wp\/v2\/posts\/14905","targetHints":{"allow":["GET"]}}],"collection":[{"href":"https:\/\/www.radiopresidenteibanez.cl\/web\/wp-json\/wp\/v2\/posts"}],"about":[{"href":"https:\/\/www.radiopresidenteibanez.cl\/web\/wp-json\/wp\/v2\/types\/post"}],"author":[{"embeddable":true,"href":"https:\/\/www.radiopresidenteibanez.cl\/web\/wp-json\/wp\/v2\/users\/2"}],"replies":[{"embeddable":true,"href":"https:\/\/www.radiopresidenteibanez.cl\/web\/wp-json\/wp\/v2\/comments?post=14905"}],"version-history":[{"count":0,"href":"https:\/\/www.radiopresidenteibanez.cl\/web\/wp-json\/wp\/v2\/posts\/14905\/revisions"}],"wp:featuredmedia":[{"embeddable":true,"href":"https:\/\/www.radiopresidenteibanez.cl\/web\/wp-json\/wp\/v2\/media\/14906"}],"wp:attachment":[{"href":"https:\/\/www.radiopresidenteibanez.cl\/web\/wp-json\/wp\/v2\/media?parent=14905"}],"wp:term":[{"taxonomy":"category","embeddable":true,"href":"https:\/\/www.radiopresidenteibanez.cl\/web\/wp-json\/wp\/v2\/categories?post=14905"},{"taxonomy":"post_tag","embeddable":true,"href":"https:\/\/www.radiopresidenteibanez.cl\/web\/wp-json\/wp\/v2\/tags?post=14905"}],"curies":[{"name":"wp","href":"https:\/\/api.w.org\/{rel}","templated":true}]}}