{"id":14893,"date":"2020-09-23T18:32:47","date_gmt":"2020-09-23T18:32:47","guid":{"rendered":"https:\/\/www.radiopresidenteibanez.cl\/web\/?p=14893"},"modified":"2020-09-23T18:32:52","modified_gmt":"2020-09-23T18:32:52","slug":"diputado-bianchi-exige-permisos-para-hacer-deporte","status":"publish","type":"post","link":"https:\/\/www.radiopresidenteibanez.cl\/web\/diputado-bianchi-exige-permisos-para-hacer-deporte\/","title":{"rendered":"DIPUTADO BIANCHI EXIGE PERMISOS PARA HACER DEPORTE"},"content":{"rendered":"\n<p>\u201cEn Magallanes las personas\nsufren mucho de problemas de articulaciones y deben tener la posibilidad de\npoder hacer deporte, ya que as\u00ed liberan endorfinas y tambi\u00e9n se cuidan de otras\nenfermedades\u201d, asegur\u00f3 Bianchi.<\/p>\n\n\n\n<p>El diputado independiente\npresent\u00f3 un oficio donde pide que existan dos permisos semanales para las\npersonas que quieran practicar deportes al aire libre.<\/p>\n\n\n\n<p>\u201cLa\ngente necesita un poco de aire y no enfermarse de las articulaciones, huesos,\nm\u00fasculos o subir de peso. Correr o andar en bicicleta sin compa\u00f1\u00eda no significa\nun riesgo\u201d, expres\u00f3.<\/p>\n\n\n\n<p>Recordemos\nque Punta Arenas pas\u00f3 de transici\u00f3n a cuarentena el 21 de agosto, lo que\nsignifica otro encierro m\u00e1s para las personas, imposibilitadas de realizar\nejercicio al exterior.<\/p>\n","protected":false},"excerpt":{"rendered":"<p>\u201cEn Magallanes las personas sufren mucho de problemas de articulaciones y deben tener la posibilidad de poder hacer deporte, ya que as\u00ed liberan endorfinas y tambi\u00e9n se cuidan de otras&#8230; <a class=\"read-more\" href=\"https:\/\/www.radiopresidenteibanez.cl\/web\/diputado-bianchi-exige-permisos-para-hacer-deporte\/\">Leer m\u00e1s<\/a><\/p>\n","protected":false},"author":2,"featured_media":5567,"comment_status":"closed","ping_status":"closed","sticky":false,"template":"","format":"standard","meta":{"footnotes":""},"categories":[1],"tags":[],"class_list":["post-14893","post","type-post","status-publish","format-standard","has-post-thumbnail","hentry","category-cronica"],"_links":{"self":[{"href":"https:\/\/www.radiopresidenteibanez.cl\/web\/wp-json\/wp\/v2\/posts\/14893","targetHints":{"allow":["GET"]}}],"collection":[{"href":"https:\/\/www.radiopresidenteibanez.cl\/web\/wp-json\/wp\/v2\/posts"}],"about":[{"href":"https:\/\/www.radiopresidenteibanez.cl\/web\/wp-json\/wp\/v2\/types\/post"}],"author":[{"embeddable":true,"href":"https:\/\/www.radiopresidenteibanez.cl\/web\/wp-json\/wp\/v2\/users\/2"}],"replies":[{"embeddable":true,"href":"https:\/\/www.radiopresidenteibanez.cl\/web\/wp-json\/wp\/v2\/comments?post=14893"}],"version-history":[{"count":0,"href":"https:\/\/www.radiopresidenteibanez.cl\/web\/wp-json\/wp\/v2\/posts\/14893\/revisions"}],"wp:featuredmedia":[{"embeddable":true,"href":"https:\/\/www.radiopresidenteibanez.cl\/web\/wp-json\/wp\/v2\/media\/5567"}],"wp:attachment":[{"href":"https:\/\/www.radiopresidenteibanez.cl\/web\/wp-json\/wp\/v2\/media?parent=14893"}],"wp:term":[{"taxonomy":"category","embeddable":true,"href":"https:\/\/www.radiopresidenteibanez.cl\/web\/wp-json\/wp\/v2\/categories?post=14893"},{"taxonomy":"post_tag","embeddable":true,"href":"https:\/\/www.radiopresidenteibanez.cl\/web\/wp-json\/wp\/v2\/tags?post=14893"}],"curies":[{"name":"wp","href":"https:\/\/api.w.org\/{rel}","templated":true}]}}