{"id":14887,"date":"2020-09-23T12:55:05","date_gmt":"2020-09-23T12:55:05","guid":{"rendered":"https:\/\/www.radiopresidenteibanez.cl\/web\/?p=14887"},"modified":"2020-09-23T12:55:11","modified_gmt":"2020-09-23T12:55:11","slug":"senador-bianchi-presento-proyecto-de-acuerdo-que-solicita-al-gobierno-acciones-que-permitan-postergar-el-pago-de-creditos-sociales-de-pensionados-con-las-cajas-de-compensacion","status":"publish","type":"post","link":"https:\/\/www.radiopresidenteibanez.cl\/web\/senador-bianchi-presento-proyecto-de-acuerdo-que-solicita-al-gobierno-acciones-que-permitan-postergar-el-pago-de-creditos-sociales-de-pensionados-con-las-cajas-de-compensacion\/","title":{"rendered":"SENADOR BIANCHI PRESENT\u00d3 PROYECTO DE ACUERDO QUE SOLICITA AL GOBIERNO ACCIONES QUE PERMITAN POSTERGAR EL PAGO DE CR\u00c9DITOS SOCIALES DE PENSIONADOS CON LAS CAJAS DE COMPENSACI\u00d3N"},"content":{"rendered":"\n<p>A trav\u00e9s de un proyecto de acuerdo impulsado por el senador de Magallanes,\nCarlos Bianchi, se solicit\u00f3 al Presidente Sebasti\u00e1n Pi\u00f1era; Al Ministro de\nHacienda, Ignacio Briones Rojas y a la Ministra del Trabajo y Previsi\u00f3n Social,\nMar\u00eda Jos\u00e9 Zald\u00edvar, implementar una pol\u00edtica adicional al plan clase media que\npermita postergar el pago de cr\u00e9ditos sociales que pensionados adeudan a las\nCajas de Compensaci\u00f3n.<\/p>\n\n\n\n<p>El legislador Magall\u00e1nico puntualiz\u00f3 que \u201cLo anterior se hace\nestrictamente necesario para que los jubilados puedan disponer de la totalidad\nde su pensi\u00f3n sin descuentos por concepto de cr\u00e9dito, esto debido a que la actual situaci\u00f3n de crisis social derivada del Covid 19, ha\nsignificado una afectaci\u00f3n econ\u00f3mica de grandes dimensiones para distintos\ngrupos de nuestra sociedad, y dentro de estos grupos sin duda que uno de los\nm\u00e1s afectados son los adultos mayores.\u201d<\/p>\n\n\n\n<p>Respecto a estos\ncr\u00e9ditos las Cajas de Compensaci\u00f3n poseen por ley la facultad de exigir a las\nentidades pagadoras de pensiones para que descuenten de las pensiones de los\nafiliados a una caja de Compensaci\u00f3n, lo adeudado por estos, por concepto de\naporte de cr\u00e9dito social, seg\u00fan corresponda a remuneraciones o la pensi\u00f3n del\ndeudor.<\/p>\n\n\n\n<p><br>\nPor lo anterior, dijo Bianchi, tengo la convicci\u00f3n \u201cque se debe complementar el\nplan clase media implementado por el Gobierno el cual incluy\u00f3 la posibilidad de\npostergar el pago de cr\u00e9ditos hipotecarios, y de incorpore una medida que\nfavorezca a los adultos mayores que son deudores de cr\u00e9dito social otorgado por\nuna Caja de Compensaci\u00f3n, de manera tal que en estos tiempos los pensionados\npuedan disponer del 100% de su jubilaci\u00f3n, con voluntad del Gobierno se podr\u00e1\nconcretar esta solicitud que tiene transversal apoyo parlamentario.\u201d <\/p>\n\n\n\n<p>El senador de\nMagallanes, dirigi\u00f3 especiales palabras de agradecimientos al dirigente social\nde Adultos mayores, Eleodoro Andrade quien le represent\u00f3 esta situaci\u00f3n que\nafectaba miles de pensionadas y pensionados. En esta misma l\u00ednea dio cuenta que\nel diputado Karim Bianchi, ingres\u00f3 un proyecto de ley sobre esta misma materia,\nlo que da cuenta del concreto e importante trabajo parlamentario de equipo. <\/p>\n","protected":false},"excerpt":{"rendered":"<p>A trav\u00e9s de un proyecto de acuerdo impulsado por el senador de Magallanes, Carlos Bianchi, se solicit\u00f3 al Presidente Sebasti\u00e1n Pi\u00f1era; Al Ministro de Hacienda, Ignacio Briones Rojas y a&#8230; <a class=\"read-more\" href=\"https:\/\/www.radiopresidenteibanez.cl\/web\/senador-bianchi-presento-proyecto-de-acuerdo-que-solicita-al-gobierno-acciones-que-permitan-postergar-el-pago-de-creditos-sociales-de-pensionados-con-las-cajas-de-compensacion\/\">Leer m\u00e1s<\/a><\/p>\n","protected":false},"author":2,"featured_media":14508,"comment_status":"closed","ping_status":"closed","sticky":false,"template":"","format":"standard","meta":{"footnotes":""},"categories":[1],"tags":[],"class_list":["post-14887","post","type-post","status-publish","format-standard","has-post-thumbnail","hentry","category-cronica"],"_links":{"self":[{"href":"https:\/\/www.radiopresidenteibanez.cl\/web\/wp-json\/wp\/v2\/posts\/14887","targetHints":{"allow":["GET"]}}],"collection":[{"href":"https:\/\/www.radiopresidenteibanez.cl\/web\/wp-json\/wp\/v2\/posts"}],"about":[{"href":"https:\/\/www.radiopresidenteibanez.cl\/web\/wp-json\/wp\/v2\/types\/post"}],"author":[{"embeddable":true,"href":"https:\/\/www.radiopresidenteibanez.cl\/web\/wp-json\/wp\/v2\/users\/2"}],"replies":[{"embeddable":true,"href":"https:\/\/www.radiopresidenteibanez.cl\/web\/wp-json\/wp\/v2\/comments?post=14887"}],"version-history":[{"count":0,"href":"https:\/\/www.radiopresidenteibanez.cl\/web\/wp-json\/wp\/v2\/posts\/14887\/revisions"}],"wp:featuredmedia":[{"embeddable":true,"href":"https:\/\/www.radiopresidenteibanez.cl\/web\/wp-json\/wp\/v2\/media\/14508"}],"wp:attachment":[{"href":"https:\/\/www.radiopresidenteibanez.cl\/web\/wp-json\/wp\/v2\/media?parent=14887"}],"wp:term":[{"taxonomy":"category","embeddable":true,"href":"https:\/\/www.radiopresidenteibanez.cl\/web\/wp-json\/wp\/v2\/categories?post=14887"},{"taxonomy":"post_tag","embeddable":true,"href":"https:\/\/www.radiopresidenteibanez.cl\/web\/wp-json\/wp\/v2\/tags?post=14887"}],"curies":[{"name":"wp","href":"https:\/\/api.w.org\/{rel}","templated":true}]}}