{"id":14884,"date":"2020-09-23T12:50:20","date_gmt":"2020-09-23T12:50:20","guid":{"rendered":"https:\/\/www.radiopresidenteibanez.cl\/web\/?p=14884"},"modified":"2020-09-23T12:50:30","modified_gmt":"2020-09-23T12:50:30","slug":"ministerio-de-economia-entrega-asesorias-economicas-de-insolvencia-gratuitas-aeig-para-pymes","status":"publish","type":"post","link":"https:\/\/www.radiopresidenteibanez.cl\/web\/ministerio-de-economia-entrega-asesorias-economicas-de-insolvencia-gratuitas-aeig-para-pymes\/","title":{"rendered":"MINISTERIO DE ECONOM\u00cdA ENTREGA ASESOR\u00cdAS ECON\u00d3MICAS DE INSOLVENCIA GRATUITAS (AEIG) PARA PYMES"},"content":{"rendered":"\n<p>La iniciativa logra generar un\nestudio sobre la situaci\u00f3n financiera, econ\u00f3mica y contable de la empresa, con\nel fin de diagnosticar las causas que originaron la crisis actual y realizar\nlas gestiones financieras, legales y contables que se requieren para superarla.<\/p>\n\n\n\n<p>Natalia Easton, Seremi de\nEconom\u00eda, Fomento y Turismo indic\u00f3 \u201cEl objetivo final es que el emprendedor o\nemprendedora pueda darle continuidad a su negocio sin tener que llegar a un\ncierre total. En ese contexto, la liquidaci\u00f3n de bienes ser\u00e1 considerada s\u00f3lo\ncomo una soluci\u00f3n de \u00faltima instancia para poder volver a reemprender\u201d.<\/p>\n\n\n\n<p>Los interesados deben completar\nel formulario hasta el 2 de octubre, ingresando al link <a href=\"https:\/\/www.superir.gob.cl\/postulacion-a-asesoria-economica-de-insolvencia-gratuita\/\">https:\/\/www.superir.gob.cl\/postulacion-a-asesoria-economica-de-insolvencia-gratuita\/<\/a>\ny una vez que est\u00e9 pre-calificado\/a, un funcionario de la Superir se contactar\u00e1\npara ayudarlo en l\u00ednea para acreditar los requisitos, inform\u00e1ndole los pasos a\nseguir, y en caso de que obtenga el beneficio, le indicar\u00e1 cu\u00e1ndo el Asesor\nEcon\u00f3mico de Insolvencia se pondr\u00e1 en contacto con el inscrito.<\/p>\n\n\n\n<p>Easton agreg\u00f3 \u201cInvito a los\nemprendedores Magall\u00e1nicos que hoy requieran de un apoyo para abordar una\nsituaci\u00f3n de insolvencia, a postular a este beneficio que ofrece el Ministerio,\nya que, a trav\u00e9s de un asesor econ\u00f3mico de insolvencia, podr\u00e1n recibir ayuda en\nla renegociaci\u00f3n de sus deudas con sus acreedores, y mientras se renegocia,\npodr\u00e1n estar protegidos hasta por 90 d\u00edas de todo tipo de juicios de cobranza y\nembargos. La gratuidad consiste en que los servicios del asesor, los paga el\nEstado a trav\u00e9s de la Superintendencia de Insolvencia y Reemprendimiento\n(Superir).<\/p>\n\n\n\n<p>Los requisitos para acceder a\neste beneficio son tributar en primera categor\u00eda, tener ventas inferiores a\n25.000 UF durante los 12 meses previos a la fecha de solicitud y no tener deudas\nprevisionales con trabajadores seg\u00fan el Formulario 30 de la Direcci\u00f3n del\nTrabajo.<\/p>\n\n\n\n<p>Para obtener mayor informaci\u00f3n\nrespecto a este beneficio, puede dirigirse a <a href=\"https:\/\/www.superir.gob.cl\/oficinas-regionales\/\">https:\/\/www.superir.gob.cl\/oficinas-regionales\/<\/a>.<\/p>\n","protected":false},"excerpt":{"rendered":"<p>La iniciativa logra generar un estudio sobre la situaci\u00f3n financiera, econ\u00f3mica y contable de la empresa, con el fin de diagnosticar las causas que originaron la crisis actual y realizar&#8230; <a class=\"read-more\" href=\"https:\/\/www.radiopresidenteibanez.cl\/web\/ministerio-de-economia-entrega-asesorias-economicas-de-insolvencia-gratuitas-aeig-para-pymes\/\">Leer m\u00e1s<\/a><\/p>\n","protected":false},"author":2,"featured_media":14885,"comment_status":"closed","ping_status":"closed","sticky":false,"template":"","format":"standard","meta":{"footnotes":""},"categories":[1],"tags":[],"class_list":["post-14884","post","type-post","status-publish","format-standard","has-post-thumbnail","hentry","category-cronica"],"_links":{"self":[{"href":"https:\/\/www.radiopresidenteibanez.cl\/web\/wp-json\/wp\/v2\/posts\/14884","targetHints":{"allow":["GET"]}}],"collection":[{"href":"https:\/\/www.radiopresidenteibanez.cl\/web\/wp-json\/wp\/v2\/posts"}],"about":[{"href":"https:\/\/www.radiopresidenteibanez.cl\/web\/wp-json\/wp\/v2\/types\/post"}],"author":[{"embeddable":true,"href":"https:\/\/www.radiopresidenteibanez.cl\/web\/wp-json\/wp\/v2\/users\/2"}],"replies":[{"embeddable":true,"href":"https:\/\/www.radiopresidenteibanez.cl\/web\/wp-json\/wp\/v2\/comments?post=14884"}],"version-history":[{"count":0,"href":"https:\/\/www.radiopresidenteibanez.cl\/web\/wp-json\/wp\/v2\/posts\/14884\/revisions"}],"wp:featuredmedia":[{"embeddable":true,"href":"https:\/\/www.radiopresidenteibanez.cl\/web\/wp-json\/wp\/v2\/media\/14885"}],"wp:attachment":[{"href":"https:\/\/www.radiopresidenteibanez.cl\/web\/wp-json\/wp\/v2\/media?parent=14884"}],"wp:term":[{"taxonomy":"category","embeddable":true,"href":"https:\/\/www.radiopresidenteibanez.cl\/web\/wp-json\/wp\/v2\/categories?post=14884"},{"taxonomy":"post_tag","embeddable":true,"href":"https:\/\/www.radiopresidenteibanez.cl\/web\/wp-json\/wp\/v2\/tags?post=14884"}],"curies":[{"name":"wp","href":"https:\/\/api.w.org\/{rel}","templated":true}]}}