{"id":14881,"date":"2020-09-23T12:46:31","date_gmt":"2020-09-23T12:46:31","guid":{"rendered":"https:\/\/www.radiopresidenteibanez.cl\/web\/?p=14881"},"modified":"2020-09-23T12:46:36","modified_gmt":"2020-09-23T12:46:36","slug":"30-profesores-de-musica-de-punta-arenas-natales-cabo-de-hornos-y-porvenir-se-capacitaran-con-experta-internacional-en-metodo-kodaly","status":"publish","type":"post","link":"https:\/\/www.radiopresidenteibanez.cl\/web\/30-profesores-de-musica-de-punta-arenas-natales-cabo-de-hornos-y-porvenir-se-capacitaran-con-experta-internacional-en-metodo-kodaly\/","title":{"rendered":"30 PROFESORES DE M\u00daSICA DE PUNTA ARENAS, NATALES, CABO DE HORNOS Y PORVENIR SE CAPACITAR\u00c1N CON EXPERTA INTERNACIONAL EN M\u00c9TODO KOD\u00c1LY"},"content":{"rendered":"\n<p>Aprender m\u00fasica de manera simple y cercana es el esp\u00edritu detr\u00e1s del m\u00e9todo\nKod\u00e1ly, una destacada estrategia de ense\u00f1anza h\u00fangara, que 30 profesores de la\nregi\u00f3n de Magallanes podr\u00e1n aprender en profundidad gracias a un curso gratuito\nimpartido por Fundaci\u00f3n Ib\u00e1\u00f1ez Atkinson \u2013a trav\u00e9s de su programa M\u00fasica Educa- en\nalianza con Fundaci\u00f3n Teraike. <\/p>\n\n\n\n<p>La capacitaci\u00f3n, que se llevar\u00e1 a cabo en cuatro sesiones online entre el\n28 de septiembre y 7 de octubre, ser\u00e1 dirigida por la destacada maestra experta\nen esta metodolog\u00eda, la estadounidense radicada en Chile, Lydia Mills. Se trata\nde las pocas personas en Latinoam\u00e9rica que ense\u00f1a en espa\u00f1ol el\nm\u00e9todo&nbsp;Kod\u00e1ly, sistema que ha sido reconocido como patrimonio inmaterial\nde la Unesco por su profundo impacto en la formaci\u00f3n de ni\u00f1os y j\u00f3venes. Creado\npor Zolt\u00e1n&nbsp;Kod\u00e1ly, el m\u00e9todo est\u00e1 pensado para que los ni\u00f1os primero\ndescubran y se encanten con la m\u00fasica -a trav\u00e9s del canto, juegos, bailes,\nmovimiento- y, posteriormente, reciban el contenido te\u00f3rico. As\u00ed, se promueve\nel aprendizaje y se facilita en los estudiantes el desarrollo de las diversas\nhabilidades cognitivas y socioemocionales que tiene la educaci\u00f3n musical.<\/p>\n\n\n\n<p>\u201cEstamos muy felices de llegar por segundo a\u00f1o a Punta Arenas de la mano de\nFundaci\u00f3n Teraike. La metodolog\u00eda Kod\u00e1ly es una herramienta valorada en todo el\nmundo pues permite impactar el desarrollo integral de los ni\u00f1os desde la\nm\u00fasica. Estamos seguros de que ser\u00e1 un gran aporte para los profesores\u201d, se\u00f1ala\nAndr\u00e9s Rodr\u00edguez Spoerer, gerente de M\u00fasica de Fundaci\u00f3n Ib\u00e1\u00f1ez Atkinson, quien\ntambi\u00e9n destaca la trayectoria de Lydia Mills, quien ha\nformado en esta metodolog\u00eda a m\u00e1s de 400 profesores de Chile y Am\u00e9rica. <\/p>\n\n\n\n<p>Por su parte, desde Fundaci\u00f3n Teraike se\u00f1alaron la importancia de la\nalianza con Fundaci\u00f3n Ib\u00e1\u00f1ez Atkinson que hace posible realizar una\ncapacitaci\u00f3n de este nivel. \u201cNos alegra poder aportar para traer a la regi\u00f3n\neste gran regalo para los profesores de m\u00fasica, que estamos seguros van a\ndisfrutar y ser\u00e1 una valiosa contribuci\u00f3n a su crecimiento profesional. El\nhecho de que la capacitaci\u00f3n sea online permite que docentes de distintas\ncomunas puedan participar y as\u00ed lograr finalmente impactar a un mayor n\u00famero de\nescolares\u201d, coment\u00f3 Francisca Vogt, Directora Ejecutiva de Fundaci\u00f3n Teraike. <\/p>\n\n\n\n<p>A\u00fan quedan cupos para los profesores que est\u00e9n interesados y puedan asistir\na las cuatro sesiones, solo tienen que escribir a contacto@musicaeduca.cl.<\/p>\n\n\n\n<p>Acerca de Fundaci\u00f3n Ib\u00e1\u00f1ez\nAtkinson<\/p>\n\n\n\n<p>Instituci\u00f3n sin fines de lucro,\ncreada por Felipe Ib\u00e1\u00f1ez y Heather Atkinson, que desde 2013 trabaja para\npromover la m\u00fasica, la lectura y el cuidado del medio ambiente en Chile. La\nfundaci\u00f3n cuenta con diversos programas, entre ellos M\u00fasica Educa, el cual ofrece\nformaci\u00f3n profesional, pedag\u00f3gica y metodol\u00f3gica&nbsp;a profesores de esta asignatura.\n<\/p>\n","protected":false},"excerpt":{"rendered":"<p>Aprender m\u00fasica de manera simple y cercana es el esp\u00edritu detr\u00e1s del m\u00e9todo Kod\u00e1ly, una destacada estrategia de ense\u00f1anza h\u00fangara, que 30 profesores de la regi\u00f3n de Magallanes podr\u00e1n aprender&#8230; <a class=\"read-more\" href=\"https:\/\/www.radiopresidenteibanez.cl\/web\/30-profesores-de-musica-de-punta-arenas-natales-cabo-de-hornos-y-porvenir-se-capacitaran-con-experta-internacional-en-metodo-kodaly\/\">Leer m\u00e1s<\/a><\/p>\n","protected":false},"author":2,"featured_media":14882,"comment_status":"closed","ping_status":"closed","sticky":false,"template":"","format":"standard","meta":{"footnotes":""},"categories":[1],"tags":[],"class_list":["post-14881","post","type-post","status-publish","format-standard","has-post-thumbnail","hentry","category-cronica"],"_links":{"self":[{"href":"https:\/\/www.radiopresidenteibanez.cl\/web\/wp-json\/wp\/v2\/posts\/14881","targetHints":{"allow":["GET"]}}],"collection":[{"href":"https:\/\/www.radiopresidenteibanez.cl\/web\/wp-json\/wp\/v2\/posts"}],"about":[{"href":"https:\/\/www.radiopresidenteibanez.cl\/web\/wp-json\/wp\/v2\/types\/post"}],"author":[{"embeddable":true,"href":"https:\/\/www.radiopresidenteibanez.cl\/web\/wp-json\/wp\/v2\/users\/2"}],"replies":[{"embeddable":true,"href":"https:\/\/www.radiopresidenteibanez.cl\/web\/wp-json\/wp\/v2\/comments?post=14881"}],"version-history":[{"count":0,"href":"https:\/\/www.radiopresidenteibanez.cl\/web\/wp-json\/wp\/v2\/posts\/14881\/revisions"}],"wp:featuredmedia":[{"embeddable":true,"href":"https:\/\/www.radiopresidenteibanez.cl\/web\/wp-json\/wp\/v2\/media\/14882"}],"wp:attachment":[{"href":"https:\/\/www.radiopresidenteibanez.cl\/web\/wp-json\/wp\/v2\/media?parent=14881"}],"wp:term":[{"taxonomy":"category","embeddable":true,"href":"https:\/\/www.radiopresidenteibanez.cl\/web\/wp-json\/wp\/v2\/categories?post=14881"},{"taxonomy":"post_tag","embeddable":true,"href":"https:\/\/www.radiopresidenteibanez.cl\/web\/wp-json\/wp\/v2\/tags?post=14881"}],"curies":[{"name":"wp","href":"https:\/\/api.w.org\/{rel}","templated":true}]}}