{"id":14878,"date":"2020-09-23T12:43:28","date_gmt":"2020-09-23T12:43:28","guid":{"rendered":"https:\/\/www.radiopresidenteibanez.cl\/web\/?p=14878"},"modified":"2020-09-23T12:43:33","modified_gmt":"2020-09-23T12:43:33","slug":"adosada-a-su-cuerpo-tenia-bolsas-con-cocaina-mujer-fue-condenada-por-traficar-drogas","status":"publish","type":"post","link":"https:\/\/www.radiopresidenteibanez.cl\/web\/adosada-a-su-cuerpo-tenia-bolsas-con-cocaina-mujer-fue-condenada-por-traficar-drogas\/","title":{"rendered":"ADOSADA A SU CUERPO TEN\u00cdA BOLSAS CON COCA\u00cdNA MUJER  FUE CONDENADA POR TRAFICAR DROGAS"},"content":{"rendered":"\n<p>Como\nautora de tr\u00e1fico il\u00edcito de estupefacientes, hoy, en juicio oral, fue\ncondenada Claudia Adames, conoci\u00e9ndose la pena que deber\u00e1 cumplir el pr\u00f3ximo\ns\u00e1bado.<\/p>\n\n\n\n<p>Durante\nel juicio oral, que dur\u00f3 un d\u00eda, el Fiscal especialista en la investigaci\u00f3n de\ndelitos de drogas y estupefacientes, Manuel Soto Basauren, acredit\u00f3 que la\ndetenci\u00f3n de la mujer ocurri\u00f3 el 24 de agosto de 2019, alrededor de las 09:15 horas, cuando\n&nbsp;personal de la Brigada Antinarc\u00f3ticos de\nPunta Arenas, de la PDI, constituidos en el aeropuerto Internacional Carlos\nIb\u00e1\u00f1ez del Campo , con la asistencia de perros detectores de drogas, detectaron,\nen la sala de espera de la cinta transportadora de equipajes, a la acusada, a la\nque al efectuarle un control de identidad, manifest\u00f3 no portar ninguna\nsustancia il\u00edcita, verificando adem\u00e1s que su pasaporte no presentaba ning\u00fan\ntimbre que acreditara su ingreso a Chile por pasos habilitados.<\/p>\n\n\n\n<p>El persecutor agreg\u00f3 que al\nrevisar, el personal policial,&nbsp; las\nvestimentas de la mujer, encontraron 6 trozos irregulares de una sustancia\ncompacta color blanco, envuelta en papel&nbsp;\ntransparente, las cuales tra\u00eda adosada a su cuerpo, la que &nbsp;sometida a la prueba de orientaci\u00f3n respectiva\narroj\u00f3 coloraci\u00f3n positiva ante la presencia de coca\u00edna.<\/p>\n\n\n\n<p>Cabe indicar que el Fiscal solicit\u00f3 se aplique a la acusada 7 a\u00f1os de\npresidio, multa de 100 unidades tributarias, accesorias legales que procedan y\ncostas de la causa. <\/p>\n","protected":false},"excerpt":{"rendered":"<p>Como autora de tr\u00e1fico il\u00edcito de estupefacientes, hoy, en juicio oral, fue condenada Claudia Adames, conoci\u00e9ndose la pena que deber\u00e1 cumplir el pr\u00f3ximo s\u00e1bado. Durante el juicio oral, que dur\u00f3&#8230; <a class=\"read-more\" href=\"https:\/\/www.radiopresidenteibanez.cl\/web\/adosada-a-su-cuerpo-tenia-bolsas-con-cocaina-mujer-fue-condenada-por-traficar-drogas\/\">Leer m\u00e1s<\/a><\/p>\n","protected":false},"author":2,"featured_media":14879,"comment_status":"closed","ping_status":"closed","sticky":false,"template":"","format":"standard","meta":{"footnotes":""},"categories":[6],"tags":[],"class_list":["post-14878","post","type-post","status-publish","format-standard","has-post-thumbnail","hentry","category-policial"],"_links":{"self":[{"href":"https:\/\/www.radiopresidenteibanez.cl\/web\/wp-json\/wp\/v2\/posts\/14878","targetHints":{"allow":["GET"]}}],"collection":[{"href":"https:\/\/www.radiopresidenteibanez.cl\/web\/wp-json\/wp\/v2\/posts"}],"about":[{"href":"https:\/\/www.radiopresidenteibanez.cl\/web\/wp-json\/wp\/v2\/types\/post"}],"author":[{"embeddable":true,"href":"https:\/\/www.radiopresidenteibanez.cl\/web\/wp-json\/wp\/v2\/users\/2"}],"replies":[{"embeddable":true,"href":"https:\/\/www.radiopresidenteibanez.cl\/web\/wp-json\/wp\/v2\/comments?post=14878"}],"version-history":[{"count":0,"href":"https:\/\/www.radiopresidenteibanez.cl\/web\/wp-json\/wp\/v2\/posts\/14878\/revisions"}],"wp:featuredmedia":[{"embeddable":true,"href":"https:\/\/www.radiopresidenteibanez.cl\/web\/wp-json\/wp\/v2\/media\/14879"}],"wp:attachment":[{"href":"https:\/\/www.radiopresidenteibanez.cl\/web\/wp-json\/wp\/v2\/media?parent=14878"}],"wp:term":[{"taxonomy":"category","embeddable":true,"href":"https:\/\/www.radiopresidenteibanez.cl\/web\/wp-json\/wp\/v2\/categories?post=14878"},{"taxonomy":"post_tag","embeddable":true,"href":"https:\/\/www.radiopresidenteibanez.cl\/web\/wp-json\/wp\/v2\/tags?post=14878"}],"curies":[{"name":"wp","href":"https:\/\/api.w.org\/{rel}","templated":true}]}}