{"id":14869,"date":"2020-09-21T21:29:47","date_gmt":"2020-09-21T21:29:47","guid":{"rendered":"https:\/\/www.radiopresidenteibanez.cl\/web\/?p=14869"},"modified":"2020-09-21T21:29:58","modified_gmt":"2020-09-21T21:29:58","slug":"jennifer-rojas-sera-la-nueva-intendenta-de-magallanes","status":"publish","type":"post","link":"https:\/\/www.radiopresidenteibanez.cl\/web\/jennifer-rojas-sera-la-nueva-intendenta-de-magallanes\/","title":{"rendered":"JENNIFER ROJAS SER\u00c1 LA NUEVA INTENDENTA DE MAGALLANES"},"content":{"rendered":"\n<p>Se informa que el d\u00eda de hoy, 21 de septiembre, el Intendente de\nMagallanes y de la Ant\u00e1rtica Chilena, Jos\u00e9 Fern\u00e1ndez D\u00fcbrock, present\u00f3 su\nrenuncia al cargo que se encontraba ejerciendo desde el 13 de febrero de 2019.&nbsp; <\/p>\n\n\n\n<p>El Presidente de la Rep\u00fablica, Sebasti\u00e1n\nPi\u00f1era, acept\u00f3 la renuncia de la ex autoridad y resolvi\u00f3 nombrar como nueva\nIntendenta a Jennifer Rojas Garc\u00eda.<\/p>\n\n\n\n<p>La nueva autoridad regional, que asumir\u00e1\nel cargo el 22 de septiembre de 2020,\nes asistente social de la Universidad de Magallanes, cuenta con un diplomado en\nGesti\u00f3n y Direcci\u00f3n en Recursos Humanos de la Universidad Mariano Ega\u00f1a y\ntambi\u00e9n con un post\u00edtulo en Mediaci\u00f3n Social de Conflictos Familiares de la\nUniversidad de Chile.<\/p>\n\n\n\n<p>Entre 2012 y 2015 se desempe\u00f1\u00f3 como\ndirectora regional de SENDA y previo a su nombramiento se encontraba ejerciendo\nel cargo de coordinadora regional de seguridad p\u00fablica de Magallanes.<\/p>\n","protected":false},"excerpt":{"rendered":"<p>Se informa que el d\u00eda de hoy, 21 de septiembre, el Intendente de Magallanes y de la Ant\u00e1rtica Chilena, Jos\u00e9 Fern\u00e1ndez D\u00fcbrock, present\u00f3 su renuncia al cargo que se encontraba&#8230; <a class=\"read-more\" href=\"https:\/\/www.radiopresidenteibanez.cl\/web\/jennifer-rojas-sera-la-nueva-intendenta-de-magallanes\/\">Leer m\u00e1s<\/a><\/p>\n","protected":false},"author":2,"featured_media":13755,"comment_status":"closed","ping_status":"closed","sticky":false,"template":"","format":"standard","meta":{"footnotes":""},"categories":[1],"tags":[],"class_list":["post-14869","post","type-post","status-publish","format-standard","has-post-thumbnail","hentry","category-cronica"],"_links":{"self":[{"href":"https:\/\/www.radiopresidenteibanez.cl\/web\/wp-json\/wp\/v2\/posts\/14869","targetHints":{"allow":["GET"]}}],"collection":[{"href":"https:\/\/www.radiopresidenteibanez.cl\/web\/wp-json\/wp\/v2\/posts"}],"about":[{"href":"https:\/\/www.radiopresidenteibanez.cl\/web\/wp-json\/wp\/v2\/types\/post"}],"author":[{"embeddable":true,"href":"https:\/\/www.radiopresidenteibanez.cl\/web\/wp-json\/wp\/v2\/users\/2"}],"replies":[{"embeddable":true,"href":"https:\/\/www.radiopresidenteibanez.cl\/web\/wp-json\/wp\/v2\/comments?post=14869"}],"version-history":[{"count":0,"href":"https:\/\/www.radiopresidenteibanez.cl\/web\/wp-json\/wp\/v2\/posts\/14869\/revisions"}],"wp:featuredmedia":[{"embeddable":true,"href":"https:\/\/www.radiopresidenteibanez.cl\/web\/wp-json\/wp\/v2\/media\/13755"}],"wp:attachment":[{"href":"https:\/\/www.radiopresidenteibanez.cl\/web\/wp-json\/wp\/v2\/media?parent=14869"}],"wp:term":[{"taxonomy":"category","embeddable":true,"href":"https:\/\/www.radiopresidenteibanez.cl\/web\/wp-json\/wp\/v2\/categories?post=14869"},{"taxonomy":"post_tag","embeddable":true,"href":"https:\/\/www.radiopresidenteibanez.cl\/web\/wp-json\/wp\/v2\/tags?post=14869"}],"curies":[{"name":"wp","href":"https:\/\/api.w.org\/{rel}","templated":true}]}}