{"id":14866,"date":"2020-09-21T21:14:21","date_gmt":"2020-09-21T21:14:21","guid":{"rendered":"https:\/\/www.radiopresidenteibanez.cl\/web\/?p=14866"},"modified":"2020-09-21T21:14:26","modified_gmt":"2020-09-21T21:14:26","slug":"jose-fernandez-deja-la-intendencia-de-magallanes","status":"publish","type":"post","link":"https:\/\/www.radiopresidenteibanez.cl\/web\/jose-fernandez-deja-la-intendencia-de-magallanes\/","title":{"rendered":"JOS\u00c9 FERN\u00c1NDEZ DEJA LA INTENDENCIA DE MAGALLANES"},"content":{"rendered":"\n<p>El mismo Jos\u00e9 Fern\u00e1ndez, confirm\u00f3 que se le pidi\u00f3 la renuncia desde el Gobierno Central, terminando con la gran cantidad de rumores que se hab\u00edan sumado hace algunas jornadas, de su salida desde la \u201cmoneda chica\u201d.<\/p>\n\n\n\n<p>Las distintas criticas se gestaron debido al manejo que han tenido las autoridades con la pandemia del Covid-19 en Magallanes, as\u00ed tambi\u00e9n, se sumaron los reproches de distintas autoridades comunales, regionales y nacionales.<\/p>\n\n\n\n<p>Cabe mencionar, que el ahora otrora intendente de Magallanes, Jos\u00e9 Fern\u00e1ndez, se encontraba en el cargo desde febrero del a\u00f1o 2019, luego de la salida de Mar\u00eda Teresa Casta\u00f1on.<\/p>\n\n\n\n<p>Los nombres que suenan para asumir el cargo vacante son; Margarita Norambuena, actual Gobernadora de Tierra del Fuego, Jos\u00e9 Barr\u00eda, quien fuera nombrado como Administrador Regional por el mismo Fern\u00e1ndez.<\/p>\n\n\n\n<p>As\u00ed tambi\u00e9n, salen nuevamente a la palestra los nombres de Jennifer Rojas, actual coordinadora de Seguridad P\u00fablica de Magallanes y el ex gobernador de la provincia de Magallanes, Miguel Schweitzer.<\/p>\n\n\n\n<p>Con lo anterior, se gestar\u00e1 el nombramiento del cuarto intendente en la regi\u00f3n de Magallanes.<\/p>\n\n\n\n<p><\/p>\n\n\n\n<p>CHH.<\/p>\n","protected":false},"excerpt":{"rendered":"<p>El mismo Jos\u00e9 Fern\u00e1ndez, confirm\u00f3 que se le pidi\u00f3 la renuncia desde el Gobierno Central, terminando con la gran cantidad de rumores que se hab\u00edan sumado hace algunas jornadas, de&#8230; <a class=\"read-more\" href=\"https:\/\/www.radiopresidenteibanez.cl\/web\/jose-fernandez-deja-la-intendencia-de-magallanes\/\">Leer m\u00e1s<\/a><\/p>\n","protected":false},"author":2,"featured_media":12026,"comment_status":"closed","ping_status":"closed","sticky":false,"template":"","format":"standard","meta":{"footnotes":""},"categories":[1],"tags":[],"class_list":["post-14866","post","type-post","status-publish","format-standard","has-post-thumbnail","hentry","category-cronica"],"_links":{"self":[{"href":"https:\/\/www.radiopresidenteibanez.cl\/web\/wp-json\/wp\/v2\/posts\/14866","targetHints":{"allow":["GET"]}}],"collection":[{"href":"https:\/\/www.radiopresidenteibanez.cl\/web\/wp-json\/wp\/v2\/posts"}],"about":[{"href":"https:\/\/www.radiopresidenteibanez.cl\/web\/wp-json\/wp\/v2\/types\/post"}],"author":[{"embeddable":true,"href":"https:\/\/www.radiopresidenteibanez.cl\/web\/wp-json\/wp\/v2\/users\/2"}],"replies":[{"embeddable":true,"href":"https:\/\/www.radiopresidenteibanez.cl\/web\/wp-json\/wp\/v2\/comments?post=14866"}],"version-history":[{"count":0,"href":"https:\/\/www.radiopresidenteibanez.cl\/web\/wp-json\/wp\/v2\/posts\/14866\/revisions"}],"wp:featuredmedia":[{"embeddable":true,"href":"https:\/\/www.radiopresidenteibanez.cl\/web\/wp-json\/wp\/v2\/media\/12026"}],"wp:attachment":[{"href":"https:\/\/www.radiopresidenteibanez.cl\/web\/wp-json\/wp\/v2\/media?parent=14866"}],"wp:term":[{"taxonomy":"category","embeddable":true,"href":"https:\/\/www.radiopresidenteibanez.cl\/web\/wp-json\/wp\/v2\/categories?post=14866"},{"taxonomy":"post_tag","embeddable":true,"href":"https:\/\/www.radiopresidenteibanez.cl\/web\/wp-json\/wp\/v2\/tags?post=14866"}],"curies":[{"name":"wp","href":"https:\/\/api.w.org\/{rel}","templated":true}]}}