{"id":14863,"date":"2020-09-21T15:04:17","date_gmt":"2020-09-21T15:04:17","guid":{"rendered":"https:\/\/www.radiopresidenteibanez.cl\/web\/?p=14863"},"modified":"2020-09-21T15:04:22","modified_gmt":"2020-09-21T15:04:22","slug":"21-de-septiembre-dia-nacional-del-trabajador-radial-feliz-dia","status":"publish","type":"post","link":"https:\/\/www.radiopresidenteibanez.cl\/web\/21-de-septiembre-dia-nacional-del-trabajador-radial-feliz-dia\/","title":{"rendered":"21 DE SEPTIEMBRE: D\u00cdA NACIONAL DEL TRABAJADOR RADIAL \u00a1FELIZ D\u00cdA!"},"content":{"rendered":"\n<p>Este lunes 21 de septiembre, desde hace 78 a\u00f1os, se\nconmemora en el pa\u00eds el \u201cD\u00eda del Trabajador Radial\u201d, fecha que se instaur\u00f3 en\nel a\u00f1o 1942, durante el Gobierno de Juan Antonio R\u00edos, mientras que en el a\u00f1o\n1991 la celebraci\u00f3n se reconoci\u00f3 a trav\u00e9s de un Decreto Supremo por parte de\nPatricio Aylwin, con el que se oficializ\u00f3 el \u201cD\u00eda Nacional del Trabajador de la\nRadiodifusi\u00f3n Sonora\u201d. <\/p>\n\n\n\n<p>Cabe mencionar, que esta iniciativa surgi\u00f3 para reconocer la\nimportancia de los medios de comunicaciones y celebrar a miles de trabajadores\ny trabajadoras radiales que durante los 365 d\u00edas del a\u00f1o transmiten de forma\ncontinua, incluso acompa\u00f1ando a la audiencia para Navidad, A\u00f1o Nuevo, Fiestas\nPatrias y otras celebraciones incluso de car\u00e1cter privadas.<\/p>\n\n\n\n<p>Este a\u00f1o la celebraci\u00f3n fue distinta para todas las y los\ncolegas que forman o formaron parte de la radio a nivel pa\u00eds, debido a la\npandemia del Coronavirus Covid-19, pero desde nuestros estudios le queremos hacer\nllegar un afectuoso saludo a cada uno de ellos y principalmente a nuestros\ncolaboradores.<\/p>\n\n\n\n<p>Tambi\u00e9n, aprovechamos de saludar a nuestra audiencia que nos\nacompa\u00f1a d\u00eda a d\u00eda.<\/p>\n","protected":false},"excerpt":{"rendered":"<p>Este lunes 21 de septiembre, desde hace 78 a\u00f1os, se conmemora en el pa\u00eds el \u201cD\u00eda del Trabajador Radial\u201d, fecha que se instaur\u00f3 en el a\u00f1o 1942, durante el Gobierno&#8230; <a class=\"read-more\" href=\"https:\/\/www.radiopresidenteibanez.cl\/web\/21-de-septiembre-dia-nacional-del-trabajador-radial-feliz-dia\/\">Leer m\u00e1s<\/a><\/p>\n","protected":false},"author":2,"featured_media":3341,"comment_status":"closed","ping_status":"closed","sticky":false,"template":"","format":"standard","meta":{"footnotes":""},"categories":[1],"tags":[],"class_list":["post-14863","post","type-post","status-publish","format-standard","has-post-thumbnail","hentry","category-cronica"],"_links":{"self":[{"href":"https:\/\/www.radiopresidenteibanez.cl\/web\/wp-json\/wp\/v2\/posts\/14863","targetHints":{"allow":["GET"]}}],"collection":[{"href":"https:\/\/www.radiopresidenteibanez.cl\/web\/wp-json\/wp\/v2\/posts"}],"about":[{"href":"https:\/\/www.radiopresidenteibanez.cl\/web\/wp-json\/wp\/v2\/types\/post"}],"author":[{"embeddable":true,"href":"https:\/\/www.radiopresidenteibanez.cl\/web\/wp-json\/wp\/v2\/users\/2"}],"replies":[{"embeddable":true,"href":"https:\/\/www.radiopresidenteibanez.cl\/web\/wp-json\/wp\/v2\/comments?post=14863"}],"version-history":[{"count":0,"href":"https:\/\/www.radiopresidenteibanez.cl\/web\/wp-json\/wp\/v2\/posts\/14863\/revisions"}],"wp:featuredmedia":[{"embeddable":true,"href":"https:\/\/www.radiopresidenteibanez.cl\/web\/wp-json\/wp\/v2\/media\/3341"}],"wp:attachment":[{"href":"https:\/\/www.radiopresidenteibanez.cl\/web\/wp-json\/wp\/v2\/media?parent=14863"}],"wp:term":[{"taxonomy":"category","embeddable":true,"href":"https:\/\/www.radiopresidenteibanez.cl\/web\/wp-json\/wp\/v2\/categories?post=14863"},{"taxonomy":"post_tag","embeddable":true,"href":"https:\/\/www.radiopresidenteibanez.cl\/web\/wp-json\/wp\/v2\/tags?post=14863"}],"curies":[{"name":"wp","href":"https:\/\/api.w.org\/{rel}","templated":true}]}}